{"id":28472,"date":"2020-08-31T00:00:00","date_gmt":"2020-08-31T00:00:00","guid":{"rendered":"http:\/\/www.omio.es\/window-seat\/sin-categorizar\/vacaciones-de-relax-en-espana"},"modified":"2022-08-04T09:24:40","modified_gmt":"2022-08-04T09:24:40","slug":"vacaciones-de-relax-en-espana","status":"publish","type":"post","link":"https:\/\/www.omio.es\/window-seat\/es\/cultura-lifestyle\/vacaciones-de-relax-en-espana\/","title":{"rendered":"Vacaciones de relax en Espa\u00f1a y Europa"},"content":{"rendered":"\n<p>Antes de la pandemia, nos pas\u00e1bamos la vida cont\u00e1ndole al que nos quisiera o\u00edr que necesit\u00e1bamos vacaciones, aunque acab\u00e1ramos de volver de una escapada. Us\u00e1bamos nuestros d\u00edas libres para coger un vuelo a horas intempestivas, apurando el tiempo en nuestro destino para verlo todo, quej\u00e1ndonos de los turistas que est\u00e1n haciendo lo mismo que nosotros, y volviendo a casa agotados. Ahora, todo ha cambiado.<\/p>\n\n\n\n<p>Nuestra forma de viajar es diferente, y ahora valoramos m\u00e1s las experiencias y la calma. Queremos viajar a zonas buc\u00f3licas a las que se pueda llegar en <a href=\"https:\/\/www.omio.es\/trenes?utm_source=omio-magazine&amp;utm_medium=magazine&amp;utm_campaign=September&amp;utm_content=RelaxingSpring&amp;utm_term=ES_Trenes\">tren<\/a>, autob\u00fas o coche.<\/p>\n\n\n\n<p>Hemos escogido cinco planes para que vuelvas a viajar con confianza, desde vacaciones en una granja austr\u00edaca a un retiro de lectura en <a href=\"https:\/\/www.omio.es\/viajes\/italia?utm_source=omio-magazine&amp;utm_medium=magazine&amp;utm_campaign=September&amp;utm_content=RelaxingSpring&amp;utm_term=ES_ViajesItalia\">Italia<\/a>. Rel\u00e1jate y disfruta de la vida otra vez.<\/p>\n\n\n\n<h3 class=\"wp-block-heading\"><strong><strong>En la granja<\/strong><\/strong><\/h3>\n\n\n\n<p>En la regi\u00f3n monta\u00f1osa de Tennengau, en Austria, se encuentra la granja de&nbsp;<a href=\"https:\/\/sp.booking.com\/hotel\/at\/lammerauhof.es.html?aid=1500264&amp;label=goeu_DE_Berlin_AT_Abtenau_ow_1_0_1_id0_mag_com_de_EUR_Other_x_other_200813_376217_368378\">Lammerauhof<\/a>. Este hotel de familia en Abtenau lleva recibiendo hu\u00e9spedes desde 1948. La granja, que sigue en funcionamiento, la llevan Anita y Reinhard Windhofer. All\u00ed podr\u00e1s disfrutar de multitud de actividades: ciclismo, senderismo o tenis de mesa son algunos ejemplos. Los Windhofer sirven leche fresca de sus vacas y pan y pasteles caseros de desayuno. Puedes visitar a los animales (conejos, perros, gatos y el pony Sissy) frente a las impresionantes vistas monta\u00f1osas. Por las noches, t\u00f3mate un chupito de licor casero antes de dormir como un beb\u00e9.&nbsp;<\/p>\n\n\n<div id=\"search-widget-overlay\" class=\"search-widget-overlay\">\r\n  <div class=\"search-widget-overlay__form\" data-search-widget-container>\r\n    <div class=\"search-widget-overlay__details\">\r\n      <button class=\"search-widget-overlay__close\" data-search-widget-close>\r\n        \u2715\r\n      <\/button>\r\n      <div class=\"search-widget-overlay__text\">\r\n        Austria      <\/div>\r\n    <\/div>\r\n\r\n  <\/div>\r\n<\/div>\r\n\r\n<div class=\"search-widget-cta\">\r\n  <button class=\"search-widget-cta__button\" data-search-widget-cta>\r\n    Billetes a Austria   <\/button>\r\n<\/div>\n\n\n<p>La granja de Lammerauhof tiene tres apartamentos y est\u00e1 bastante aislada, as\u00ed que es un plan seguro para familias o grupos peque\u00f1os.&nbsp;<\/p>\n\n\n\n<figure class=\"wp-block-gallery has-nested-images columns-default wp-block-gallery-1 is-layout-flex wp-block-gallery-is-layout-flex\">\n<figure class=\"wp-block-image size-large\"><img decoding=\"async\" data-id=\"645\" src=\"https:\/\/www.omio.es\/window-seat\/wp-content\/uploads\/2022\/04\/image6-2.jpg\" alt=\"Las colinas est\u00e1n llenas de vida con sus pastos.<br&gt;Foto: Lammerauhof Farm\/Booking.com\" class=\"wp-image-645\"\/><figcaption>Las colinas est\u00e1n llenas de vida con sus pastos.<br>Foto: Lammerauhof Farm\/Booking.com<\/figcaption><\/figure>\n\n\n\n<figure class=\"wp-block-image size-large\"><img decoding=\"async\" data-id=\"649\" src=\"https:\/\/www.omio.es\/window-seat\/wp-content\/uploads\/2022\/04\/image12-1.jpg\" alt=\"Un paisaje digno de &quot;Sonrisas y l\u00e1grimas&quot;.<br&gt;Foto: Lammerauhof Farm\/Booking.com\" class=\"wp-image-649\"\/><figcaption>Un paisaje digno de &#8220;Sonrisas y l\u00e1grimas&#8221;.<br>Foto: Lammerauhof Farm\/Booking.com<\/figcaption><\/figure>\n<\/figure>\n\n\n\n<h3 class=\"wp-block-heading\"><strong><strong>En el agua<\/strong><\/strong><\/h3>\n\n\n\n<p>Todos sabemos flotar, pero pocos saben nadar de verdad. \u00bfPor qu\u00e9 no usar estas vacaciones para mejorar? La nataci\u00f3n es, sin duda, el mejor deporte: es de bajo impacto, quema calor\u00edas y relaja.<strong> <\/strong>Swimquest ofrece vacaciones con nataci\u00f3n en grupos peque\u00f1os y controlados por todo el mundo. En Espa\u00f1a, recomendamos la semana de \u201cinmersi\u00f3n total\u201d en <a href=\"https:\/\/www.omio.es\/viajes\/formentera?utm_source=omio-magazine&amp;utm_medium=magazine&amp;utm_campaign=September&amp;utm_content=RelaxingSpring&amp;utm_term=ES_ViajesFormentera\">Formentera<\/a>. El entrenador, James Ewart, gu\u00eda a los participantes para que aprendan a nadar m\u00e1s lejos, m\u00e1s r\u00e1pido y sin miedo. Fuera de clase, podr\u00e1s explorar las playas de arena blanca y agua cristalina de la isla.&nbsp;<\/p>\n\n\n<div id=\"search-widget-overlay\" class=\"search-widget-overlay\">\r\n  <div class=\"search-widget-overlay__form\" data-search-widget-container>\r\n    <div class=\"search-widget-overlay__details\">\r\n      <button class=\"search-widget-overlay__close\" data-search-widget-close>\r\n        \u2715\r\n      <\/button>\r\n      <div class=\"search-widget-overlay__text\">\r\n        Espa\u00f1a      <\/div>\r\n    <\/div>\r\n\r\n  <\/div>\r\n<\/div>\r\n\r\n<div class=\"search-widget-cta\">\r\n  <button class=\"search-widget-cta__button\" data-search-widget-cta>\r\n    Billetes a Espa\u00f1a   <\/button>\r\n<\/div>\n\n\n<p>Debido a las restricciones por la COVID-19, Swimquest abrir\u00e1 a partir de septiembre. Adem\u00e1s, ofrecen cancelaciones flexibles por si la situaci\u00f3n cambia antes de que vayas.&nbsp;<\/p>\n\n\n\n<figure class=\"wp-block-gallery has-nested-images columns-default columns-2 wp-block-gallery-2 is-layout-flex wp-block-gallery-is-layout-flex\"><\/figure>\n\n\n\n<h3 class=\"wp-block-heading\"><strong><strong>Los Reyes del castillo<\/strong><\/strong><\/h3>\n\n\n\n<p>Europa es la tierra de los castillos, y algunos son tambi\u00e9n hoteles. El <a href=\"https:\/\/sp.booking.com\/hotel\/be\/chateau-d-hassonville.es.html?aid=1500264&amp;label=goeu_DE_Berlin_BE_Aye_ow_1_0_1_id0_mag_com_es_EUR_Other_x_other_200813_376217_427695\">Ch\u00e2teau d\u2019Hassonville<\/a> en Marche-en-Famenne, B\u00e9lgica, es una obra maestra del siglo XVII rodeada por el bosque de Ardennes. Los hu\u00e9spedes pueden elegir entre 20 habitaciones decoradas con un gusto exquisito, y relajarse en la sauna al aire libre o en el jacuzzi. Adem\u00e1s, el hotel puede organizar una caminata privada por el bosque o alquilarte una bici para que lo puedas explorar por ti mismo. Tambi\u00e9n se ofrecen tours para ver halcones o clases de esgrima.&nbsp;&nbsp;<\/p>\n\n\n<div id=\"search-widget-overlay\" class=\"search-widget-overlay\">\r\n  <div class=\"search-widget-overlay__form\" data-search-widget-container>\r\n    <div class=\"search-widget-overlay__details\">\r\n      <button class=\"search-widget-overlay__close\" data-search-widget-close>\r\n        \u2715\r\n      <\/button>\r\n      <div class=\"search-widget-overlay__text\">\r\n        B\u00e9lgica      <\/div>\r\n    <\/div>\r\n\r\n  <\/div>\r\n<\/div>\r\n\r\n<div class=\"search-widget-cta\">\r\n  <button class=\"search-widget-cta__button\" data-search-widget-cta>\r\n    Billetes a B\u00e9lgica  <\/button>\r\n<\/div>\n\n\n<p>A tu llegada, encontrar\u00e1s todas las medidas de seguridad requeridas por el gobierno belga, como mascarillas y gel antibacterial en todas las entradas.<\/p>\n\n\n\n<figure class=\"wp-block-gallery has-nested-images columns-default columns-2 wp-block-gallery-3 is-layout-flex wp-block-gallery-is-layout-flex\"><\/figure>\n\n\n\n<h3 class=\"wp-block-heading\"><strong><strong>C\u00edrculo de lectores<\/strong><\/strong><\/h3>\n\n\n\n<p>\u00bfAlguna vez has fantaseado con unas vacaciones en las que no hagas nada m\u00e1s que leer? Ese sue\u00f1o se puede hacer realidad en La Macchina Fissa. Esta villa italiana de ocho habitaciones en Parco del Mincio, cerca de Mantua, ofrece retiros de lectura dignos del m\u00e1s bibli\u00f3filo. Con unos 6.000 libros para elegir, La Machina Fissa es un tesoro escondido donde adem\u00e1s encontrar\u00e1s m\u00e1s de 250 obras de arte contempor\u00e1neo. Disfruta del estilo de vida italiano y ayuda a los due\u00f1os en su jard\u00edn.&nbsp;<\/p>\n\n\n<div id=\"search-widget-overlay\" class=\"search-widget-overlay\">\r\n  <div class=\"search-widget-overlay__form\" data-search-widget-container>\r\n    <div class=\"search-widget-overlay__details\">\r\n      <button class=\"search-widget-overlay__close\" data-search-widget-close>\r\n        \u2715\r\n      <\/button>\r\n      <div class=\"search-widget-overlay__text\">\r\n        Mantua      <\/div>\r\n    <\/div>\r\n\r\n  <\/div>\r\n<\/div>\r\n\r\n<div class=\"search-widget-cta\">\r\n  <button class=\"search-widget-cta__button\" data-search-widget-cta>\r\n    Billetes a Mantua  <\/button>\r\n<\/div>\n\n\n<p>Los propietarios te informar\u00e1n de las \u00faltimas restricciones por la COVID-19 en la zona cuando vayas a reservar.<\/p>\n\n\n\n<figure class=\"wp-block-gallery has-nested-images columns-default is-cropped columns-2 wp-block-gallery-4 is-layout-flex wp-block-gallery-is-layout-flex\"><\/figure>\n\n\n\n<h3 class=\"wp-block-heading\"><strong><strong>A galope<\/strong><\/strong><\/h3>\n\n\n\n<figure class=\"wp-block-image size-full\"><img decoding=\"async\" src=\"https:\/\/www.omio.es\/window-seat\/wp-content\/uploads\/2022\/04\/image2-2.jpg\" alt=\"\" class=\"wp-image-677\"\/><figcaption>Tras pasar por Unicorn Trails, \u00a1este podr\u00edas ser t\u00fa!<br>Foto: Simon Priss\/Unsplash<\/figcaption><\/figure>\n\n\n\n<p>\u00bfQu\u00e9 mejor manera de sentirse en una pel\u00edcula que montando a caballo al atardecer? Unicorn Trails tiene las vacaciones ecuestres ideales, tanto para expertos como para novatos. Los que ya tengan experiencia flipar\u00e1n con el itinerario de ocho d\u00edas por los Pirineos franceses. Si eres novato, puedes optar por la alternativa m\u00e1s corta: cuatro d\u00edas para disfrutar y <br>conocer la regi\u00f3n.<\/p>\n\n\n\n<p>El sendero es muy remoto, y los grupos son de ocho personas como m\u00e1ximo, as\u00ed que esta es la actividad ideal para mantener la distancia social.&nbsp;<\/p>\n\n\n\n<figure class=\"wp-block-gallery has-nested-images columns-default is-cropped wp-block-gallery-5 is-layout-flex wp-block-gallery-is-layout-flex\">\n<figure class=\"wp-block-image size-large\"><img decoding=\"async\" data-id=\"685\" src=\"https:\/\/www.omio.es\/window-seat\/wp-content\/uploads\/2022\/04\/image8-2.jpg\" alt=\"El itinerario desde Carcassonne por los Pirineos es de gran inter\u00e9s hist\u00f3rico.<br&gt;Foto: Unicorn Trails\" class=\"wp-image-685\"\/><figcaption>El itinerario desde Carcassonne por los Pirineos es de gran inter\u00e9s hist\u00f3rico.<br>Foto: Unicorn Trails<\/figcaption><\/figure>\n\n\n\n<figure class=\"wp-block-image size-large\"><img decoding=\"async\" data-id=\"689\" src=\"https:\/\/www.omio.es\/window-seat\/wp-content\/uploads\/2022\/04\/image4-3.jpg\" alt=\"\u00a1A galope! Foto: Unicorn Trails\" class=\"wp-image-689\"\/><figcaption>\u00a1A galope! Foto: Unicorn Trails<\/figcaption><\/figure>\n<\/figure>\n\n\n\n<p><\/p>\n","protected":false},"excerpt":{"rendered":"<p>Antes de la pandemia, nos pas\u00e1bamos la vida cont\u00e1ndole al que nos quisiera o\u00edr que necesit\u00e1bamos vacaciones, aunque acab\u00e1ramos de volver de una escapada. Us\u00e1bamos nuestros d\u00edas libres para coger un vuelo a horas intempestivas, apurando el tiempo en nuestro destino para verlo todo, quej\u00e1ndonos de los turistas que est\u00e1n haciendo lo mismo que nosotros,&hellip; <a class=\"more-link\" href=\"https:\/\/www.omio.es\/window-seat\/es\/cultura-lifestyle\/vacaciones-de-relax-en-espana\/\">Continue reading <span class=\"screen-reader-text\">Vacaciones de relax en Espa\u00f1a y Europa<\/span><\/a><\/p>\n","protected":false},"author":9,"featured_media":3453,"comment_status":"open","ping_status":"open","sticky":false,"template":"","format":"standard","meta":{"_acf_changed":false,"inline_featured_image":false,"footnotes":""},"categories":[1993,1989],"tags":[],"position_ids":[],"class_list":["post-28472","post","type-post","status-publish","format-standard","has-post-thumbnail","hentry","category-bienestar","category-cultura-lifestyle","entry"],"acf":[],"yoast_head":"<!-- This site is optimized with the Yoast SEO plugin v24.9 - https:\/\/yoast.com\/wordpress\/plugins\/seo\/ -->\n<title>Vacaciones de relax en Espa\u00f1a y Europa - Omio<\/title>\n<meta name=\"description\" content=\"\u00bfCansado del ritmo fren\u00e9tico de las low-cost? Opta por uno de estos planes de actividades y vacaciones de relax en Espa\u00f1a y Europa.\" \/>\n<meta name=\"robots\" content=\"index, follow, max-snippet:-1, max-image-preview:large, max-video-preview:-1\" \/>\n<link rel=\"canonical\" href=\"https:\/\/www.omio.es\/window-seat\/cultura-lifestyle\/vacaciones-de-relax-en-espana\/\" \/>\n<meta property=\"og:locale\" content=\"en_US\" \/>\n<meta property=\"og:type\" content=\"article\" \/>\n<meta property=\"og:title\" content=\"Vacaciones de relax en Espa\u00f1a y Europa - Omio\" \/>\n<meta property=\"og:description\" content=\"\u00bfCansado del ritmo fren\u00e9tico de las low-cost? Opta por uno de estos planes de actividades y vacaciones de relax en Espa\u00f1a y Europa.\" \/>\n<meta property=\"og:url\" content=\"https:\/\/www.omio.es\/window-seat\/es\/cultura-lifestyle\/vacaciones-de-relax-en-espana\/\" \/>\n<meta property=\"og:site_name\" content=\"The Window Seat\" \/>\n<meta property=\"article:published_time\" content=\"2020-08-31T00:00:00+00:00\" \/>\n<meta property=\"article:modified_time\" content=\"2022-08-04T09:24:40+00:00\" \/>\n<meta property=\"og:image\" content=\"https:\/\/www.omio.es\/window-seat\/wp-content\/uploads\/2022\/04\/1_andreas-dress-y7x29op39XU-unsplash-1-scaled.jpg\" \/>\n\t<meta property=\"og:image:width\" content=\"2560\" \/>\n\t<meta property=\"og:image:height\" content=\"2523\" \/>\n\t<meta property=\"og:image:type\" content=\"image\/jpeg\" \/>\n<meta name=\"author\" content=\"In\u00e9s Bar\u00fas\" \/>\n<meta name=\"twitter:card\" content=\"summary_large_image\" \/>\n<meta name=\"twitter:label1\" content=\"Written by\" \/>\n\t<meta name=\"twitter:data1\" content=\"In\u00e9s Bar\u00fas\" \/>\n\t<meta name=\"twitter:label2\" content=\"Est. reading time\" \/>\n\t<meta name=\"twitter:data2\" content=\"4 minutes\" \/>\n<script type=\"application\/ld+json\" class=\"yoast-schema-graph\">{\"@context\":\"https:\/\/schema.org\",\"@graph\":[{\"@type\":\"WebPage\",\"@id\":\"https:\/\/www.omio.es\/window-seat\/es\/cultura-lifestyle\/vacaciones-de-relax-en-espana\/\",\"url\":\"https:\/\/www.omio.es\/window-seat\/es\/cultura-lifestyle\/vacaciones-de-relax-en-espana\/\",\"name\":\"Vacaciones de relax en Espa\u00f1a y Europa - Omio\",\"isPartOf\":{\"@id\":\"https:\/\/www.omio.es\/window-seat\/#website\"},\"primaryImageOfPage\":{\"@id\":\"https:\/\/www.omio.es\/window-seat\/es\/cultura-lifestyle\/vacaciones-de-relax-en-espana\/#primaryimage\"},\"image\":{\"@id\":\"https:\/\/www.omio.es\/window-seat\/es\/cultura-lifestyle\/vacaciones-de-relax-en-espana\/#primaryimage\"},\"thumbnailUrl\":\"https:\/\/www.omio.es\/window-seat\/wp-content\/uploads\/2022\/04\/1_andreas-dress-y7x29op39XU-unsplash-1-scaled.jpg\",\"datePublished\":\"2020-08-31T00:00:00+00:00\",\"dateModified\":\"2022-08-04T09:24:40+00:00\",\"author\":{\"@id\":\"https:\/\/www.omio.es\/window-seat\/#\/schema\/person\/40e194abb129a2c7486892634762a4d6\"},\"description\":\"\u00bfCansado del ritmo fren\u00e9tico de las low-cost? Opta por uno de estos planes de actividades y vacaciones de relax en Espa\u00f1a y Europa.\",\"breadcrumb\":{\"@id\":\"https:\/\/www.omio.es\/window-seat\/es\/cultura-lifestyle\/vacaciones-de-relax-en-espana\/#breadcrumb\"},\"inLanguage\":\"en-US\",\"potentialAction\":[{\"@type\":\"ReadAction\",\"target\":[\"https:\/\/www.omio.es\/window-seat\/es\/cultura-lifestyle\/vacaciones-de-relax-en-espana\/\"]}]},{\"@type\":\"ImageObject\",\"inLanguage\":\"en-US\",\"@id\":\"https:\/\/www.omio.es\/window-seat\/es\/cultura-lifestyle\/vacaciones-de-relax-en-espana\/#primaryimage\",\"url\":\"https:\/\/www.omio.es\/window-seat\/wp-content\/uploads\/2022\/04\/1_andreas-dress-y7x29op39XU-unsplash-1-scaled.jpg\",\"contentUrl\":\"https:\/\/www.omio.es\/window-seat\/wp-content\/uploads\/2022\/04\/1_andreas-dress-y7x29op39XU-unsplash-1-scaled.jpg\",\"width\":2560,\"height\":2523,\"caption\":\"It\u2019s time to focus on unwinding after these trying times. Credit: Andreas Dress\/Unsplash\"},{\"@type\":\"BreadcrumbList\",\"@id\":\"https:\/\/www.omio.es\/window-seat\/es\/cultura-lifestyle\/vacaciones-de-relax-en-espana\/#breadcrumb\",\"itemListElement\":[{\"@type\":\"ListItem\",\"position\":1,\"name\":\"The Window Seat\",\"item\":\"https:\/\/www.omio.es\/window-seat\/\"},{\"@type\":\"ListItem\",\"position\":2,\"name\":\"Culture &amp; Lifestyle\",\"item\":\"https:\/\/www.omio.es\/window-seat\/culture-lifestyle\/\"},{\"@type\":\"ListItem\",\"position\":3,\"name\":\"Wellness\",\"item\":\"https:\/\/www.omio.es\/window-seat\/culture-lifestyle\/wellness\/\"},{\"@type\":\"ListItem\",\"position\":4,\"name\":\"Vacaciones de relax en Espa\u00f1a y Europa\"}]},{\"@type\":\"WebSite\",\"@id\":\"https:\/\/www.omio.es\/window-seat\/#website\",\"url\":\"https:\/\/www.omio.es\/window-seat\/\",\"name\":\"The Window Seat\",\"description\":\"\",\"potentialAction\":[{\"@type\":\"SearchAction\",\"target\":{\"@type\":\"EntryPoint\",\"urlTemplate\":\"https:\/\/www.omio.es\/window-seat\/?s={search_term_string}\"},\"query-input\":{\"@type\":\"PropertyValueSpecification\",\"valueRequired\":true,\"valueName\":\"search_term_string\"}}],\"inLanguage\":\"en-US\"},{\"@type\":\"Person\",\"@id\":\"https:\/\/www.omio.es\/window-seat\/#\/schema\/person\/40e194abb129a2c7486892634762a4d6\",\"name\":\"In\u00e9s Bar\u00fas\",\"image\":{\"@type\":\"ImageObject\",\"inLanguage\":\"en-US\",\"@id\":\"https:\/\/www.omio.es\/window-seat\/#\/schema\/person\/image\/\",\"url\":\"https:\/\/secure.gravatar.com\/avatar\/a8ddd9d5121b3ea1bade68bb5706a27ea485b7f29e6e1632e0a6ffc7e2a2e635?s=96&d=mm&r=g\",\"contentUrl\":\"https:\/\/secure.gravatar.com\/avatar\/a8ddd9d5121b3ea1bade68bb5706a27ea485b7f29e6e1632e0a6ffc7e2a2e635?s=96&d=mm&r=g\",\"caption\":\"In\u00e9s Bar\u00fas\"}}]}<\/script>\n<!-- \/ Yoast SEO plugin. -->","yoast_head_json":{"title":"Vacaciones de relax en Espa\u00f1a y Europa - Omio","description":"\u00bfCansado del ritmo fren\u00e9tico de las low-cost? Opta por uno de estos planes de actividades y vacaciones de relax en Espa\u00f1a y Europa.","robots":{"index":"index","follow":"follow","max-snippet":"max-snippet:-1","max-image-preview":"max-image-preview:large","max-video-preview":"max-video-preview:-1"},"canonical":"https:\/\/www.omio.es\/window-seat\/cultura-lifestyle\/vacaciones-de-relax-en-espana\/","og_locale":"en_US","og_type":"article","og_title":"Vacaciones de relax en Espa\u00f1a y Europa - Omio","og_description":"\u00bfCansado del ritmo fren\u00e9tico de las low-cost? Opta por uno de estos planes de actividades y vacaciones de relax en Espa\u00f1a y Europa.","og_url":"https:\/\/www.omio.es\/window-seat\/es\/cultura-lifestyle\/vacaciones-de-relax-en-espana\/","og_site_name":"The Window Seat","article_published_time":"2020-08-31T00:00:00+00:00","article_modified_time":"2022-08-04T09:24:40+00:00","og_image":[{"width":2560,"height":2523,"url":"https:\/\/www.omio.es\/window-seat\/wp-content\/uploads\/2022\/04\/1_andreas-dress-y7x29op39XU-unsplash-1-scaled.jpg","type":"image\/jpeg"}],"author":"In\u00e9s Bar\u00fas","twitter_card":"summary_large_image","twitter_misc":{"Written by":"In\u00e9s Bar\u00fas","Est. reading time":"4 minutes"},"schema":{"@context":"https:\/\/schema.org","@graph":[{"@type":"WebPage","@id":"https:\/\/www.omio.es\/window-seat\/es\/cultura-lifestyle\/vacaciones-de-relax-en-espana\/","url":"https:\/\/www.omio.es\/window-seat\/es\/cultura-lifestyle\/vacaciones-de-relax-en-espana\/","name":"Vacaciones de relax en Espa\u00f1a y Europa - Omio","isPartOf":{"@id":"https:\/\/www.omio.es\/window-seat\/#website"},"primaryImageOfPage":{"@id":"https:\/\/www.omio.es\/window-seat\/es\/cultura-lifestyle\/vacaciones-de-relax-en-espana\/#primaryimage"},"image":{"@id":"https:\/\/www.omio.es\/window-seat\/es\/cultura-lifestyle\/vacaciones-de-relax-en-espana\/#primaryimage"},"thumbnailUrl":"https:\/\/www.omio.es\/window-seat\/wp-content\/uploads\/2022\/04\/1_andreas-dress-y7x29op39XU-unsplash-1-scaled.jpg","datePublished":"2020-08-31T00:00:00+00:00","dateModified":"2022-08-04T09:24:40+00:00","author":{"@id":"https:\/\/www.omio.es\/window-seat\/#\/schema\/person\/40e194abb129a2c7486892634762a4d6"},"description":"\u00bfCansado del ritmo fren\u00e9tico de las low-cost? Opta por uno de estos planes de actividades y vacaciones de relax en Espa\u00f1a y Europa.","breadcrumb":{"@id":"https:\/\/www.omio.es\/window-seat\/es\/cultura-lifestyle\/vacaciones-de-relax-en-espana\/#breadcrumb"},"inLanguage":"en-US","potentialAction":[{"@type":"ReadAction","target":["https:\/\/www.omio.es\/window-seat\/es\/cultura-lifestyle\/vacaciones-de-relax-en-espana\/"]}]},{"@type":"ImageObject","inLanguage":"en-US","@id":"https:\/\/www.omio.es\/window-seat\/es\/cultura-lifestyle\/vacaciones-de-relax-en-espana\/#primaryimage","url":"https:\/\/www.omio.es\/window-seat\/wp-content\/uploads\/2022\/04\/1_andreas-dress-y7x29op39XU-unsplash-1-scaled.jpg","contentUrl":"https:\/\/www.omio.es\/window-seat\/wp-content\/uploads\/2022\/04\/1_andreas-dress-y7x29op39XU-unsplash-1-scaled.jpg","width":2560,"height":2523,"caption":"It\u2019s time to focus on unwinding after these trying times. Credit: Andreas Dress\/Unsplash"},{"@type":"BreadcrumbList","@id":"https:\/\/www.omio.es\/window-seat\/es\/cultura-lifestyle\/vacaciones-de-relax-en-espana\/#breadcrumb","itemListElement":[{"@type":"ListItem","position":1,"name":"The Window Seat","item":"https:\/\/www.omio.es\/window-seat\/"},{"@type":"ListItem","position":2,"name":"Culture &amp; Lifestyle","item":"https:\/\/www.omio.es\/window-seat\/culture-lifestyle\/"},{"@type":"ListItem","position":3,"name":"Wellness","item":"https:\/\/www.omio.es\/window-seat\/culture-lifestyle\/wellness\/"},{"@type":"ListItem","position":4,"name":"Vacaciones de relax en Espa\u00f1a y Europa"}]},{"@type":"WebSite","@id":"https:\/\/www.omio.es\/window-seat\/#website","url":"https:\/\/www.omio.es\/window-seat\/","name":"The Window Seat","description":"","potentialAction":[{"@type":"SearchAction","target":{"@type":"EntryPoint","urlTemplate":"https:\/\/www.omio.es\/window-seat\/?s={search_term_string}"},"query-input":{"@type":"PropertyValueSpecification","valueRequired":true,"valueName":"search_term_string"}}],"inLanguage":"en-US"},{"@type":"Person","@id":"https:\/\/www.omio.es\/window-seat\/#\/schema\/person\/40e194abb129a2c7486892634762a4d6","name":"In\u00e9s Bar\u00fas","image":{"@type":"ImageObject","inLanguage":"en-US","@id":"https:\/\/www.omio.es\/window-seat\/#\/schema\/person\/image\/","url":"https:\/\/secure.gravatar.com\/avatar\/a8ddd9d5121b3ea1bade68bb5706a27ea485b7f29e6e1632e0a6ffc7e2a2e635?s=96&d=mm&r=g","contentUrl":"https:\/\/secure.gravatar.com\/avatar\/a8ddd9d5121b3ea1bade68bb5706a27ea485b7f29e6e1632e0a6ffc7e2a2e635?s=96&d=mm&r=g","caption":"In\u00e9s Bar\u00fas"}}]}},"_links":{"self":[{"href":"https:\/\/www.omio.es\/window-seat\/wp-json\/wp\/v2\/posts\/28472","targetHints":{"allow":["GET"]}}],"collection":[{"href":"https:\/\/www.omio.es\/window-seat\/wp-json\/wp\/v2\/posts"}],"about":[{"href":"https:\/\/www.omio.es\/window-seat\/wp-json\/wp\/v2\/types\/post"}],"author":[{"embeddable":true,"href":"https:\/\/www.omio.es\/window-seat\/wp-json\/wp\/v2\/users\/9"}],"replies":[{"embeddable":true,"href":"https:\/\/www.omio.es\/window-seat\/wp-json\/wp\/v2\/comments?post=28472"}],"version-history":[{"count":3,"href":"https:\/\/www.omio.es\/window-seat\/wp-json\/wp\/v2\/posts\/28472\/revisions"}],"predecessor-version":[{"id":36622,"href":"https:\/\/www.omio.es\/window-seat\/wp-json\/wp\/v2\/posts\/28472\/revisions\/36622"}],"wp:featuredmedia":[{"embeddable":true,"href":"https:\/\/www.omio.es\/window-seat\/wp-json\/wp\/v2\/media\/3453"}],"wp:attachment":[{"href":"https:\/\/www.omio.es\/window-seat\/wp-json\/wp\/v2\/media?parent=28472"}],"wp:term":[{"taxonomy":"category","embeddable":true,"href":"https:\/\/www.omio.es\/window-seat\/wp-json\/wp\/v2\/categories?post=28472"},{"taxonomy":"post_tag","embeddable":true,"href":"https:\/\/www.omio.es\/window-seat\/wp-json\/wp\/v2\/tags?post=28472"},{"taxonomy":"position_id","embeddable":true,"href":"https:\/\/www.omio.es\/window-seat\/wp-json\/wp\/v2\/position_ids?post=28472"}],"curies":[{"name":"wp","href":"https:\/\/api.w.org\/{rel}","templated":true}]}}