{"id":28478,"date":"2020-08-01T00:00:00","date_gmt":"2020-08-01T00:00:00","guid":{"rendered":"http:\/\/www.omio.es\/window-seat\/sin-categorizar\/alicante"},"modified":"2023-08-03T15:07:49","modified_gmt":"2023-08-03T15:07:49","slug":"alicante","status":"publish","type":"post","link":"https:\/\/www.omio.es\/window-seat\/es\/paises\/espana\/alicante\/","title":{"rendered":"Las mejores cosas que ver en Alicante"},"content":{"rendered":"\n<p><span style=\"font-weight: 400;\"><a href=\"https:\/\/www.omio.es\/viajes\/alicante?utm_source=omio-magazine&amp;utm_medium=magazine&amp;utm_campaign=city_guides&amp;utm_content=CG_Alicante\" target=\"_blank\" rel=\"noreferrer noopener\">Alicante<\/a> es la puerta de entrada a la Costa Blanca, una zona levantina sin\u00f3nimo de arena, sol y mar. Situada a orillas del mar Mediterr\u00e1neo, esta ciudad portuaria presenta un embriagador equilibrio entre ambiente animado y hermosos paisajes. En ella, podr\u00e1s deleitarte en las playas de arena blanca hasta donde alcanza la vista, siempre con la omnipresente Sierra Mariola como tel\u00f3n de fondo. Esta exquisita combinaci\u00f3n convierte Alicante en un destino popular tanto entre turistas espa\u00f1oles como extranjeros.<\/span><\/p>\n\n\n\n<p><span style=\"font-weight: 400;\">Alicante te sorprender\u00e1 desde el momento en el que pongas un pie en el suelo de mosaicos ondulados del Paseo de la Explanada, con sus imponentes palmeras, hasta cuando te adentres en el coqueto barrio de Santa Cruz, con sus casas blancas y techos de terracota. No cabe duda, la capital alicantina es perfecta para una escapada soleada.<\/span><\/p>\n\n\n\n<h2 class=\"wp-block-heading\"><strong>C\u00f3mo llegar a Alicante<\/strong><\/h2>\n\n\n\n<p>Viajar de Europa a Alicante es una forma estupenda de explorar la costa mediterr\u00e1nea de Espa\u00f1a. Hay muchas opciones para viajar a Alicante, incluyendo tren, autob\u00fas y avi\u00f3n. Aqu\u00ed est\u00e1n las 5 principales rutas de tren de salida de Europa a Alicante:<\/p>\n\n\n\n<ol class=\"wp-block-list\">\n<li><a href=\"https:\/\/www.omio.es\/trenes\/paris\/alicante-wmq5z\" target=\"_blank\" rel=\"noreferrer noopener\">Tren de Par\u00eds a Alicante<\/a> (aprox. 15 horas): <a href=\"https:\/\/www.omio.es\/companias\/trenes\/tgv\" target=\"_blank\" rel=\"noreferrer noopener\">TGV<\/a>, <a href=\"https:\/\/www.omio.es\/companias\/trenes\/ave\" target=\"_blank\" rel=\"noreferrer noopener\">AVE<\/a><\/li>\n\n\n\n<li><a href=\"https:\/\/www.omio.es\/trenes\/barcelona\/alicante\" target=\"_blank\" rel=\"noreferrer noopener\">Tren de Barcelona a Alicante<\/a> (aprox. 2 horas): AVE<\/li>\n\n\n\n<li><a href=\"https:\/\/www.omio.es\/trenes\/madrid\/alicante\" target=\"_blank\" rel=\"noreferrer noopener\">Tren de Madrid a Alicante<\/a> (aprox. 3 horas): AVE<\/li>\n\n\n\n<li><a href=\"https:\/\/www.omio.es\/trenes\/zurich\/alicante-qjg33\" target=\"_blank\" rel=\"noreferrer noopener\">Tren de Z\u00farich a Alicante<\/a> (aprox. 17 horas): <a href=\"https:\/\/www.omio.es\/companias\/trenes\/tgv-lyria-iad9h\" target=\"_blank\" rel=\"noreferrer noopener\">TGV Lyria<\/a><\/li>\n\n\n\n<li><a href=\"https:\/\/www.omio.es\/trenes\/milan\/alicante-zmuj2\" target=\"_blank\" rel=\"noreferrer noopener\">Tren de Mil\u00e1n a Alicante<\/a> (aprox. 16 horas): <a href=\"https:\/\/www.omio.es\/companias\/trenes\/frecciarossa-1posb\" target=\"_blank\" rel=\"noreferrer noopener\">Trenitalia<\/a>, <a href=\"https:\/\/www.omio.es\/companias\/trenes\/renfe\" target=\"_blank\" rel=\"noreferrer noopener\">Renfe<\/a><\/li>\n<\/ol>\n\n\n<div id=\"search-widget-overlay\" class=\"search-widget-overlay\">\r\n  <div class=\"search-widget-overlay__form\" data-search-widget-container>\r\n    <div class=\"search-widget-overlay__details\">\r\n      <button class=\"search-widget-overlay__close\" data-search-widget-close>\r\n        \u2715\r\n      <\/button>\r\n      <div class=\"search-widget-overlay__text\">\r\n        Alicante      <\/div>\r\n    <\/div>\r\n\r\n  <\/div>\r\n<\/div>\r\n\r\n<div class=\"search-widget-cta\">\r\n  <button class=\"search-widget-cta__button\" data-search-widget-cta>\r\n    Billetes a Alicante  <\/button>\r\n<\/div>\n\n\n<h2 class=\"wp-block-heading has-text-align-left has-text-align-center\"><strong>\u00bfD\u00f3nde comer en Alicante?<\/strong><\/h2>\n\n\n\n<p><span style=\"font-weight: 400;\">Puedes comenzar el d\u00eda al estilo mediterr\u00e1neo. Para ello, si\u00e9ntate en un bar a eso de las 11.00 horas para tomar un caf\u00e9 acompa\u00f1ado de una tostada con aceite de oliva y tomate triturado. Hay muchas cafeter\u00edas que ofrecen este desayuno tan t\u00edpico, aunque Bardin Bakery, ubicado justo al lado de la Explanada, es un rinc\u00f3n especial. Su mobiliario en tonalidades pastel y enormes ventanales hacen que sea el lugar id\u00f3neo para arrancar el d\u00eda con energ\u00eda.<\/span><\/p>\n\n\n\n<p><span style=\"font-weight: 400;\">Para un almuerzo tranquilo, dir\u00edgete al puerto, donde se encuentra D\u00e1rsena. Desde 1961, este restaurante ha destacado por su tem\u00e1tica n\u00e1utica, la cual no podr\u00eda estar mejor escogida, dada su ubicaci\u00f3n. La madera pulida y ventanas redondas proporcionan un rinc\u00f3n estupendo para comer con vistas al puerto deportivo. La carta se compone de mariscos frescos, muchos de ellos reci\u00e9n pescados. Algunas de las propuestas m\u00e1s suculentas son los mejillones al vapor o las croquetas de bacalao. Pero no puedes perderte uno de sus platos estrella: el arroz, imprescindible en la gastronom\u00eda alicantina. Puedes elegir entre m\u00e1s de 25 variedades, aunque el carnaroli con calamar y plancton marino es una de sus especialidades.<\/span><\/p>\n\n\n\n<p><span style=\"font-weight: 400;\">Los bares de tapas tampoco faltan en Alicante. La Taberna del Gourmet es todo lo que cualquiera pedir\u00eda. Con sillas de cuero, productos locales exhibidos tras las paredes de vidrio y cierto toque industrial, este restaurante supone una oda a la comida y cultura espa\u00f1ola. No dejes de probar la paella de arroz negro.<\/span><\/p>\n\n\n\n<p><span style=\"font-weight: 400;\">Si te apetece cerrar el d\u00eda con algo dulce, haz un alto en el camino en Horchater\u00eda Azul, muy pr\u00f3ximo al famoso Pante\u00f3n de Quijano. Es un sitio sin rival para un helado nocturno o una horchata <br>reci\u00e9n hecha.<\/span><\/p>\n\n\n\n<figure class=\"wp-block-gallery has-nested-images columns-default is-cropped wp-block-gallery-1 is-layout-flex wp-block-gallery-is-layout-flex\">\n<figure class=\"wp-block-image size-large\"><img decoding=\"async\" data-id=\"3299\" src=\"https:\/\/www.omio.es\/window-seat\/wp-content\/uploads\/2022\/04\/alicante2_square_topleft.jpg\" alt=\"\" class=\"wp-image-3299\"\/><figcaption class=\"wp-element-caption\">Comienza el d\u00eda con una buena tostada. <br>Foto: Shutterstock<\/figcaption><\/figure>\n\n\n\n<figure class=\"wp-block-image size-large\"><img decoding=\"async\" data-id=\"3359\" src=\"https:\/\/www.omio.es\/window-seat\/wp-content\/uploads\/2022\/04\/alicante3_square_topright.jpg\" alt=\"\" class=\"wp-image-3359\"\/><figcaption class=\"wp-element-caption\">Disfruta de las estupendas vistas mientras almuerzas en D\u00e1rsena. <br>Foto: D\u00e1rsena<\/figcaption><\/figure>\n<\/figure>\n\n\n\n<figure class=\"wp-block-gallery has-nested-images columns-default is-cropped wp-block-gallery-2 is-layout-flex wp-block-gallery-is-layout-flex\">\n<figure class=\"wp-block-image size-large\"><img decoding=\"async\" data-id=\"3329\" src=\"https:\/\/www.omio.es\/window-seat\/wp-content\/uploads\/2022\/04\/alicante4_square_bottomleft.jpg\" alt=\"\" class=\"wp-image-3329\"\/><figcaption class=\"wp-element-caption\">El momento m\u00e1s dulce te espera en Bardin Bakery. <br>Foto: Bardin Bakery<\/figcaption><\/figure>\n\n\n\n<figure class=\"wp-block-image size-large\"><img decoding=\"async\" data-id=\"3347\" src=\"https:\/\/www.omio.es\/window-seat\/wp-content\/uploads\/2022\/04\/alicante5_square_bottomright.jpg\" alt=\"\" class=\"wp-image-3347\"\/><figcaption class=\"wp-element-caption\">Un intenso sabor a mar te conquistar\u00e1 con el arroz negro de La Taberna del Gourmet. <br>Foto: La Taberna Del Gourmet<\/figcaption><\/figure>\n<\/figure>\n\n\n\n<h2 class=\"wp-block-heading has-text-align-left has-text-align-center\"><strong>\u00bfQu\u00e9 hacer en Alicante?<\/strong><\/h2>\n\n\n\n<p><span style=\"font-weight: 400;\">Desde enclaves hist\u00f3ricos hasta museos de arte moderno, playas maravillosas y un buen pu\u00f1ado de bares, hay mucho que hacer para entretenerse en este destino mediterr\u00e1neo.<\/span><\/p>\n\n\n\n<p><span style=\"font-weight: 400;\">El Castillo de Santa B\u00e1rbara, construido en el siglo IX y localizado sobre un promontorio a 167 m sobre el nivel del mar, es una de las fortalezas medievales m\u00e1s grandes de Espa\u00f1a. Para acceder, puedes tomar el ascensor situado junto a la playa de El Postiguet que est\u00e1 enclavado en la roca. Si los espacios peque\u00f1os no son lo tuyo, tambi\u00e9n puedes llegar a pie o en coche. Desde la cima, podr\u00e1s observar c\u00f3mo el espl\u00e9ndido mar color aguamarina se funde con un cielo azul infinito.<\/span><\/p>\n\n\n\n<figure class=\"wp-block-image size-large\"><img decoding=\"async\" src=\"https:\/\/www.omio.es\/window-seat\/wp-content\/uploads\/2022\/04\/shutterstock_180562175-scaled.jpg\" alt=\"\" class=\"wp-image-23947\"\/><figcaption class=\"wp-element-caption\">Seguro que encuentras d\u00f3nde tomar el sol a lo largo de los m\u00e1s de tres kil\u00f3metros de la playa de San Juan. <br>Foto: Attila Suranyi\/Unsplash<\/figcaption><\/figure>\n\n\n\n<p><span style=\"font-weight: 400;\">El Museo de Arte Contempor\u00e1neo de Alicante (MACA) exhibe una interesante colecci\u00f3n de artistas alicantinos y espa\u00f1oles. Reabierto en 2011 tras diversas remodelaciones, alberga tres exposiciones permanentes que incluyen obras de Joan Mir\u00f3, Salvador Dal\u00ed y Juana Franc\u00e9s.<\/span><\/p>\n\n\n\n<p><span style=\"font-weight: 400;\">Tras estas dos visitas culturales, toca ir a la playa a tomar el sol. La playa de San Juan, que se extiende unos 3 km a lo largo de la costa, es una de las m\u00e1s populares debido a su arena blanca y aguas tranquilas y poco profundas. Si buscas una experiencia playera sin multitudes, desv\u00edate hacia La Almadraba.<\/span><\/p>\n\n\n\n<p><span style=\"font-weight: 400;\">Algo imperdible de Alicante es su vida nocturna. Cuando cae el sol, la ciudad se vuelve vibrante y bulliciosa, sea cual sea la estaci\u00f3n del a\u00f1o. Los s\u00e1bados, la fiesta no empieza antes de las 3.00 h, as\u00ed que duerme una buena siesta. En El Barrio encontrar\u00e1s muchos bares que van desde locales algo l\u00fagubres hasta elegantes cocteler\u00edas. \u00bfNuestro favorito? El siempre chic Nic Combinados y C\u00f3cteles, donde cada bebida es casi una obra de arte.<\/span><\/p>\n\n\n\n<figure class=\"wp-block-gallery has-nested-images columns-default is-cropped wp-block-gallery-3 is-layout-flex wp-block-gallery-is-layout-flex\">\n<figure class=\"wp-block-image size-large\"><img decoding=\"async\" data-id=\"3293\" src=\"https:\/\/www.omio.es\/window-seat\/wp-content\/uploads\/2022\/04\/alicante7_left.jpg\" alt=\"\" class=\"wp-image-3293\"\/><figcaption class=\"wp-element-caption\">No te pierdas las magn\u00edficas panor\u00e1micas desde el Castillo de Santa B\u00e1rbara. <br>Foto: Shutterstock<\/figcaption><\/figure>\n\n\n\n<figure class=\"wp-block-image size-large\"><img decoding=\"async\" data-id=\"3311\" src=\"https:\/\/www.omio.es\/window-seat\/wp-content\/uploads\/2022\/04\/alicante8_right.jpg\" alt=\"\" class=\"wp-image-3311\"\/><figcaption class=\"wp-element-caption\">El toque cultural lo pone el MACA, el museo de arte contempor\u00e1neo de Alicante. <br>Foto: Shutterstock<\/figcaption><\/figure>\n<\/figure>\n\n\n\n<h2 class=\"wp-block-heading has-text-align-left has-text-align-center\"><strong>\u00bfD\u00f3nde dormir en Alicante?<\/strong><\/h2>\n\n\n\n<h3 class=\"wp-block-heading\"><strong>Hotel Les Monges Palace<\/strong><\/h3>\n\n\n\n<p><span style=\"font-weight: 400;\">El Hotel Les Monges Palace se sit\u00faa en pleno casco antiguo, a pocos minutos caminando de las principales atracciones tur\u00edsticas de Alicante y de la playa. El hotel posee cierto aire decadente, con puertas oscuras y pesadas de madera que protegen una entrada decorada con una opulenta l\u00e1mpara de cristal. Al entrar, te percatar\u00e1s de c\u00f3mo las baldosas del suelo cambian de estilo en cada piso. Pero tambi\u00e9n cada habitaci\u00f3n es \u00fanica, con azulejos de diferentes colores y paredes adornadas con papel pintado. Todos los dormitorios disponen de ba\u00f1o privado y camas sencillas, pero c\u00f3modas. El hotel, asimismo, acoge una peque\u00f1a terraza para descansar despu\u00e9s de un largo d\u00eda de turismo.<\/span><\/p>\n\n\n\n<figure class=\"wp-block-gallery has-nested-images columns-default is-cropped wp-block-gallery-4 is-layout-flex wp-block-gallery-is-layout-flex\">\n<figure class=\"wp-block-image size-large\"><img decoding=\"async\" data-id=\"3341\" src=\"https:\/\/www.omio.es\/window-seat\/wp-content\/uploads\/2022\/04\/alicante9_left.jpg\" alt=\"\" class=\"wp-image-3341\"\/><figcaption class=\"wp-element-caption\">Al\u00f3jate durante tu escapada en Les Monges Palace, que mezcla tradici\u00f3n y modernidad. <br>Foto: Hotel Les Monges Palace<\/figcaption><\/figure>\n\n\n\n<figure class=\"wp-block-image size-large\"><img decoding=\"async\" data-id=\"3335\" src=\"https:\/\/www.omio.es\/window-seat\/wp-content\/uploads\/2022\/04\/alicante10_right.jpg\" alt=\"\" class=\"wp-image-3335\"\/><figcaption class=\"wp-element-caption\">Sentir\u00e1s que formas parte de la realeza al cruzar la puerta de Les Monges Palace. <br>Foto: Hotel Les Monges Palace<\/figcaption><\/figure>\n<\/figure>\n\n\n<div id=\"search-widget-overlay\" class=\"search-widget-overlay\">\r\n  <div class=\"search-widget-overlay__form\" data-search-widget-container>\r\n    <div class=\"search-widget-overlay__details\">\r\n      <button class=\"search-widget-overlay__close\" data-search-widget-close>\r\n        \u2715\r\n      <\/button>\r\n      <div class=\"search-widget-overlay__text\">\r\n        Alicante      <\/div>\r\n    <\/div>\r\n\r\n  <\/div>\r\n<\/div>\r\n\r\n<div class=\"search-widget-cta\">\r\n  <button class=\"search-widget-cta__button\" data-search-widget-cta>\r\n    Billetes a Alicante  <\/button>\r\n<\/div>\n\n\n<h3 class=\"wp-block-heading\"><strong><a href=\"https:\/\/sp.booking.com\/hotel\/es\/hostal-smile-amp-co.en-gb.html?aid=1500264;label=goeu_DE_Berlin_ES_Alicante_ow_1_0_1_id0_mag_com_de_EUR_Other_x_other_210728_376217_427775;sid=29078a45b95afe03d7e8237ad684b5e1;dist=0&amp;keep_landing=1&amp;sb_price_type=total&amp;type=total&amp;\" target=\"_blank\" rel=\"noreferrer noopener\">Smile &amp; Co.<\/a><\/strong><\/h3>\n\n\n\n<p><span style=\"font-weight: 400;\">Localizado a solo 5 minutos del Paseo de la Explanada, Smile &amp; Co. ofrece a los hu\u00e9spedes una excelente mezcla de moderno y tradicional. Cristian, Audrey y su gato Loulou dirigen este hotel cuyo objetivo es que los hu\u00e9spedes se sientan como en casa. El ambiente acogedor est\u00e1 asegurado, gracias a detalles como una peque\u00f1a biblioteca o jarrones de vidrio con flores vistosas estrat\u00e9gicamente situados. Las habitaciones est\u00e1n pintadas en tonos grises, que encajan magistralmente con el mobiliario blanco y los adornos vegetales. El resultado son estancias luminosas y amplias que puedes compartir \u00a1incluso con tu mascota!<\/span><\/p>\n\n\n\n<figure class=\"wp-block-gallery has-nested-images columns-default is-cropped wp-block-gallery-5 is-layout-flex wp-block-gallery-is-layout-flex\">\n<figure class=\"wp-block-image size-large\"><img decoding=\"async\" data-id=\"3317\" src=\"https:\/\/www.omio.es\/window-seat\/wp-content\/uploads\/2022\/04\/alicante11_left.jpg\" alt=\"\" class=\"wp-image-3317\"\/><figcaption class=\"wp-element-caption\">El \u00fanico tono gris de Alicante es el que domina en la decoraci\u00f3n del Hostal Smile &amp; Co. Foto: Hostal Smile &amp; Co.<\/figcaption><\/figure>\n\n\n\n<figure class=\"wp-block-image size-large\"><img decoding=\"async\" data-id=\"3323\" src=\"https:\/\/www.omio.es\/window-seat\/wp-content\/uploads\/2022\/04\/alicante12_right.jpg\" alt=\"\" class=\"wp-image-3323\"\/><figcaption class=\"wp-element-caption\">El Hostal Smile &amp; Co enamora a sus hu\u00e9spedes con su decoraci\u00f3n peculiar y agradable. Foto: Hostal Smile &amp; Co.<\/figcaption><\/figure>\n<\/figure>\n\n\n\n<p><span style=\"font-weight: 400;\"><br><\/span><span style=\"font-weight: 400;\">&nbsp;<\/span><\/p>\n\n\n\n<p><span style=\"font-weight: 400;\"><br><\/span><span style=\"font-weight: 400;\">&nbsp;<\/span><\/p>\n","protected":false},"excerpt":{"rendered":"<p>Descubre las mejores cosas que hacer y ver en Alicante, una ciudad mediterr\u00e1nea de pura cepa.<\/p>\n","protected":false},"author":5,"featured_media":3984,"comment_status":"open","ping_status":"open","sticky":false,"template":"","format":"standard","meta":{"_acf_changed":false,"inline_featured_image":false,"footnotes":""},"categories":[2165],"tags":[],"position_ids":[],"class_list":["post-28478","post","type-post","status-publish","format-standard","has-post-thumbnail","hentry","category-espana","entry"],"acf":[],"yoast_head":"<!-- This site is optimized with the Yoast SEO plugin v24.9 - https:\/\/yoast.com\/wordpress\/plugins\/seo\/ -->\n<title>Qu\u00e9 ver en Alicante (Gu\u00eda local de la ciudad) en 2026<\/title>\n<meta name=\"description\" content=\"Descubre Alicante: qu\u00e9 hacer, d\u00f3nde comer y qu\u00e9 visitar. Explora la gu\u00eda local y m\u00e1s completa de la ciudad de las playas infinitas.\" \/>\n<meta name=\"robots\" content=\"index, follow, max-snippet:-1, max-image-preview:large, max-video-preview:-1\" \/>\n<link rel=\"canonical\" href=\"https:\/\/www.omio.es\/window-seat\/paises\/espana\/alicante\/\" \/>\n<meta property=\"og:locale\" content=\"en_US\" \/>\n<meta property=\"og:type\" content=\"article\" \/>\n<meta property=\"og:title\" content=\"Qu\u00e9 ver en Alicante (Gu\u00eda local de la ciudad) en 2026\" \/>\n<meta property=\"og:description\" content=\"Descubre Alicante: qu\u00e9 hacer, d\u00f3nde comer y qu\u00e9 visitar. Explora la gu\u00eda local y m\u00e1s completa de la ciudad de las playas infinitas.\" \/>\n<meta property=\"og:url\" content=\"https:\/\/www.omio.es\/window-seat\/es\/paises\/espana\/alicante\/\" \/>\n<meta property=\"og:site_name\" content=\"The Window Seat\" \/>\n<meta property=\"article:published_time\" content=\"2020-08-01T00:00:00+00:00\" \/>\n<meta property=\"article:modified_time\" content=\"2023-08-03T15:07:49+00:00\" \/>\n<meta property=\"og:image\" content=\"https:\/\/www.omio.es\/window-seat\/wp-content\/uploads\/2022\/04\/main_image_shutterstock_733690117-1024x682.png\" \/>\n\t<meta property=\"og:image:width\" content=\"1024\" \/>\n\t<meta property=\"og:image:height\" content=\"682\" \/>\n\t<meta property=\"og:image:type\" content=\"image\/png\" \/>\n<meta name=\"author\" content=\"Becky Mumby-Croft\" \/>\n<meta name=\"twitter:card\" content=\"summary_large_image\" \/>\n<meta name=\"twitter:label1\" content=\"Written by\" \/>\n\t<meta name=\"twitter:data1\" content=\"Becky Mumby-Croft\" \/>\n\t<meta name=\"twitter:label2\" content=\"Est. reading time\" \/>\n\t<meta name=\"twitter:data2\" content=\"8 minutes\" \/>\n<script type=\"application\/ld+json\" class=\"yoast-schema-graph\">{\"@context\":\"https:\/\/schema.org\",\"@graph\":[{\"@type\":\"WebPage\",\"@id\":\"https:\/\/www.omio.es\/window-seat\/es\/paises\/espana\/alicante\/\",\"url\":\"https:\/\/www.omio.es\/window-seat\/es\/paises\/espana\/alicante\/\",\"name\":\"Qu\u00e9 ver en Alicante (Gu\u00eda local de la ciudad) en 2026\",\"isPartOf\":{\"@id\":\"https:\/\/www.omio.es\/window-seat\/#website\"},\"primaryImageOfPage\":{\"@id\":\"https:\/\/www.omio.es\/window-seat\/es\/paises\/espana\/alicante\/#primaryimage\"},\"image\":{\"@id\":\"https:\/\/www.omio.es\/window-seat\/es\/paises\/espana\/alicante\/#primaryimage\"},\"thumbnailUrl\":\"https:\/\/www.omio.es\/window-seat\/wp-content\/uploads\/2022\/04\/main_image_shutterstock_733690117.png\",\"datePublished\":\"2020-08-01T00:00:00+00:00\",\"dateModified\":\"2023-08-03T15:07:49+00:00\",\"author\":{\"@id\":\"https:\/\/www.omio.es\/window-seat\/#\/schema\/person\/7d443bacde9d79247b6b8d23778c2053\"},\"description\":\"Descubre Alicante: qu\u00e9 hacer, d\u00f3nde comer y qu\u00e9 visitar. Explora la gu\u00eda local y m\u00e1s completa de la ciudad de las playas infinitas.\",\"breadcrumb\":{\"@id\":\"https:\/\/www.omio.es\/window-seat\/es\/paises\/espana\/alicante\/#breadcrumb\"},\"inLanguage\":\"en-US\",\"potentialAction\":[{\"@type\":\"ReadAction\",\"target\":[\"https:\/\/www.omio.es\/window-seat\/es\/paises\/espana\/alicante\/\"]}]},{\"@type\":\"ImageObject\",\"inLanguage\":\"en-US\",\"@id\":\"https:\/\/www.omio.es\/window-seat\/es\/paises\/espana\/alicante\/#primaryimage\",\"url\":\"https:\/\/www.omio.es\/window-seat\/wp-content\/uploads\/2022\/04\/main_image_shutterstock_733690117.png\",\"contentUrl\":\"https:\/\/www.omio.es\/window-seat\/wp-content\/uploads\/2022\/04\/main_image_shutterstock_733690117.png\",\"width\":2000,\"height\":1333,\"caption\":\"Sun, sea and seriously great buildings, Alicante has it all. Credit: Shutterstock\"},{\"@type\":\"BreadcrumbList\",\"@id\":\"https:\/\/www.omio.es\/window-seat\/es\/paises\/espana\/alicante\/#breadcrumb\",\"itemListElement\":[{\"@type\":\"ListItem\",\"position\":1,\"name\":\"The Window Seat\",\"item\":\"https:\/\/www.omio.es\/window-seat\/\"},{\"@type\":\"ListItem\",\"position\":2,\"name\":\"Countries\",\"item\":\"https:\/\/www.omio.es\/window-seat\/countries\/\"},{\"@type\":\"ListItem\",\"position\":3,\"name\":\"Spain\",\"item\":\"https:\/\/www.omio.es\/window-seat\/countries\/spain\/\"},{\"@type\":\"ListItem\",\"position\":4,\"name\":\"Las mejores cosas que ver en Alicante\"}]},{\"@type\":\"WebSite\",\"@id\":\"https:\/\/www.omio.es\/window-seat\/#website\",\"url\":\"https:\/\/www.omio.es\/window-seat\/\",\"name\":\"The Window Seat\",\"description\":\"\",\"potentialAction\":[{\"@type\":\"SearchAction\",\"target\":{\"@type\":\"EntryPoint\",\"urlTemplate\":\"https:\/\/www.omio.es\/window-seat\/?s={search_term_string}\"},\"query-input\":{\"@type\":\"PropertyValueSpecification\",\"valueRequired\":true,\"valueName\":\"search_term_string\"}}],\"inLanguage\":\"en-US\"},{\"@type\":\"Person\",\"@id\":\"https:\/\/www.omio.es\/window-seat\/#\/schema\/person\/7d443bacde9d79247b6b8d23778c2053\",\"name\":\"Becky Mumby-Croft\",\"image\":{\"@type\":\"ImageObject\",\"inLanguage\":\"en-US\",\"@id\":\"https:\/\/www.omio.es\/window-seat\/#\/schema\/person\/image\/\",\"url\":\"https:\/\/secure.gravatar.com\/avatar\/b523243a71ffc5779f5f0a2092bce5fc6371ffe3e472388a7c9f8258de7050fa?s=96&d=mm&r=g\",\"contentUrl\":\"https:\/\/secure.gravatar.com\/avatar\/b523243a71ffc5779f5f0a2092bce5fc6371ffe3e472388a7c9f8258de7050fa?s=96&d=mm&r=g\",\"caption\":\"Becky Mumby-Croft\"}}]}<\/script>\n<!-- \/ Yoast SEO plugin. -->","yoast_head_json":{"title":"Qu\u00e9 ver en Alicante (Gu\u00eda local de la ciudad) en 2026","description":"Descubre Alicante: qu\u00e9 hacer, d\u00f3nde comer y qu\u00e9 visitar. Explora la gu\u00eda local y m\u00e1s completa de la ciudad de las playas infinitas.","robots":{"index":"index","follow":"follow","max-snippet":"max-snippet:-1","max-image-preview":"max-image-preview:large","max-video-preview":"max-video-preview:-1"},"canonical":"https:\/\/www.omio.es\/window-seat\/paises\/espana\/alicante\/","og_locale":"en_US","og_type":"article","og_title":"Qu\u00e9 ver en Alicante (Gu\u00eda local de la ciudad) en 2026","og_description":"Descubre Alicante: qu\u00e9 hacer, d\u00f3nde comer y qu\u00e9 visitar. Explora la gu\u00eda local y m\u00e1s completa de la ciudad de las playas infinitas.","og_url":"https:\/\/www.omio.es\/window-seat\/es\/paises\/espana\/alicante\/","og_site_name":"The Window Seat","article_published_time":"2020-08-01T00:00:00+00:00","article_modified_time":"2023-08-03T15:07:49+00:00","og_image":[{"width":1024,"height":682,"url":"https:\/\/www.omio.es\/window-seat\/wp-content\/uploads\/2022\/04\/main_image_shutterstock_733690117-1024x682.png","type":"image\/png"}],"author":"Becky Mumby-Croft","twitter_card":"summary_large_image","twitter_misc":{"Written by":"Becky Mumby-Croft","Est. reading time":"8 minutes"},"schema":{"@context":"https:\/\/schema.org","@graph":[{"@type":"WebPage","@id":"https:\/\/www.omio.es\/window-seat\/es\/paises\/espana\/alicante\/","url":"https:\/\/www.omio.es\/window-seat\/es\/paises\/espana\/alicante\/","name":"Qu\u00e9 ver en Alicante (Gu\u00eda local de la ciudad) en 2026","isPartOf":{"@id":"https:\/\/www.omio.es\/window-seat\/#website"},"primaryImageOfPage":{"@id":"https:\/\/www.omio.es\/window-seat\/es\/paises\/espana\/alicante\/#primaryimage"},"image":{"@id":"https:\/\/www.omio.es\/window-seat\/es\/paises\/espana\/alicante\/#primaryimage"},"thumbnailUrl":"https:\/\/www.omio.es\/window-seat\/wp-content\/uploads\/2022\/04\/main_image_shutterstock_733690117.png","datePublished":"2020-08-01T00:00:00+00:00","dateModified":"2023-08-03T15:07:49+00:00","author":{"@id":"https:\/\/www.omio.es\/window-seat\/#\/schema\/person\/7d443bacde9d79247b6b8d23778c2053"},"description":"Descubre Alicante: qu\u00e9 hacer, d\u00f3nde comer y qu\u00e9 visitar. Explora la gu\u00eda local y m\u00e1s completa de la ciudad de las playas infinitas.","breadcrumb":{"@id":"https:\/\/www.omio.es\/window-seat\/es\/paises\/espana\/alicante\/#breadcrumb"},"inLanguage":"en-US","potentialAction":[{"@type":"ReadAction","target":["https:\/\/www.omio.es\/window-seat\/es\/paises\/espana\/alicante\/"]}]},{"@type":"ImageObject","inLanguage":"en-US","@id":"https:\/\/www.omio.es\/window-seat\/es\/paises\/espana\/alicante\/#primaryimage","url":"https:\/\/www.omio.es\/window-seat\/wp-content\/uploads\/2022\/04\/main_image_shutterstock_733690117.png","contentUrl":"https:\/\/www.omio.es\/window-seat\/wp-content\/uploads\/2022\/04\/main_image_shutterstock_733690117.png","width":2000,"height":1333,"caption":"Sun, sea and seriously great buildings, Alicante has it all. Credit: Shutterstock"},{"@type":"BreadcrumbList","@id":"https:\/\/www.omio.es\/window-seat\/es\/paises\/espana\/alicante\/#breadcrumb","itemListElement":[{"@type":"ListItem","position":1,"name":"The Window Seat","item":"https:\/\/www.omio.es\/window-seat\/"},{"@type":"ListItem","position":2,"name":"Countries","item":"https:\/\/www.omio.es\/window-seat\/countries\/"},{"@type":"ListItem","position":3,"name":"Spain","item":"https:\/\/www.omio.es\/window-seat\/countries\/spain\/"},{"@type":"ListItem","position":4,"name":"Las mejores cosas que ver en Alicante"}]},{"@type":"WebSite","@id":"https:\/\/www.omio.es\/window-seat\/#website","url":"https:\/\/www.omio.es\/window-seat\/","name":"The Window Seat","description":"","potentialAction":[{"@type":"SearchAction","target":{"@type":"EntryPoint","urlTemplate":"https:\/\/www.omio.es\/window-seat\/?s={search_term_string}"},"query-input":{"@type":"PropertyValueSpecification","valueRequired":true,"valueName":"search_term_string"}}],"inLanguage":"en-US"},{"@type":"Person","@id":"https:\/\/www.omio.es\/window-seat\/#\/schema\/person\/7d443bacde9d79247b6b8d23778c2053","name":"Becky Mumby-Croft","image":{"@type":"ImageObject","inLanguage":"en-US","@id":"https:\/\/www.omio.es\/window-seat\/#\/schema\/person\/image\/","url":"https:\/\/secure.gravatar.com\/avatar\/b523243a71ffc5779f5f0a2092bce5fc6371ffe3e472388a7c9f8258de7050fa?s=96&d=mm&r=g","contentUrl":"https:\/\/secure.gravatar.com\/avatar\/b523243a71ffc5779f5f0a2092bce5fc6371ffe3e472388a7c9f8258de7050fa?s=96&d=mm&r=g","caption":"Becky Mumby-Croft"}}]}},"_links":{"self":[{"href":"https:\/\/www.omio.es\/window-seat\/wp-json\/wp\/v2\/posts\/28478","targetHints":{"allow":["GET"]}}],"collection":[{"href":"https:\/\/www.omio.es\/window-seat\/wp-json\/wp\/v2\/posts"}],"about":[{"href":"https:\/\/www.omio.es\/window-seat\/wp-json\/wp\/v2\/types\/post"}],"author":[{"embeddable":true,"href":"https:\/\/www.omio.es\/window-seat\/wp-json\/wp\/v2\/users\/5"}],"replies":[{"embeddable":true,"href":"https:\/\/www.omio.es\/window-seat\/wp-json\/wp\/v2\/comments?post=28478"}],"version-history":[{"count":6,"href":"https:\/\/www.omio.es\/window-seat\/wp-json\/wp\/v2\/posts\/28478\/revisions"}],"predecessor-version":[{"id":49219,"href":"https:\/\/www.omio.es\/window-seat\/wp-json\/wp\/v2\/posts\/28478\/revisions\/49219"}],"wp:featuredmedia":[{"embeddable":true,"href":"https:\/\/www.omio.es\/window-seat\/wp-json\/wp\/v2\/media\/3984"}],"wp:attachment":[{"href":"https:\/\/www.omio.es\/window-seat\/wp-json\/wp\/v2\/media?parent=28478"}],"wp:term":[{"taxonomy":"category","embeddable":true,"href":"https:\/\/www.omio.es\/window-seat\/wp-json\/wp\/v2\/categories?post=28478"},{"taxonomy":"post_tag","embeddable":true,"href":"https:\/\/www.omio.es\/window-seat\/wp-json\/wp\/v2\/tags?post=28478"},{"taxonomy":"position_id","embeddable":true,"href":"https:\/\/www.omio.es\/window-seat\/wp-json\/wp\/v2\/position_ids?post=28478"}],"curies":[{"name":"wp","href":"https:\/\/api.w.org\/{rel}","templated":true}]}}