{"id":28488,"date":"2021-02-01T00:00:00","date_gmt":"2021-02-01T00:00:00","guid":{"rendered":"http:\/\/www.omio.es\/window-seat\/sin-categorizar\/granada"},"modified":"2022-07-07T14:01:34","modified_gmt":"2022-07-07T14:01:34","slug":"granada","status":"publish","type":"post","link":"https:\/\/www.omio.es\/window-seat\/es\/paises\/espana\/granada\/","title":{"rendered":"Las mejores cosas que ver en Granada"},"content":{"rendered":"\n<p><span style=\"font-weight: 400;\">Muchos viajeros encaminan sus pasos hacia la ciudad andaluza de Granada, \u00fanicamente para ver el hito que supone la Alhambra. Este enorme palacio-fortaleza, con sus caracter\u00edsticos patios con arcos y sus fuentes, dominando toda la ciudad con la Sierra Nevada como tel\u00f3n de fondo, representa el culmen de la arquitectura nazar\u00ed en Espa\u00f1a. Despu\u00e9s de visitar esta construcci\u00f3n, la mayor\u00eda contin\u00faa su camino hacia C\u00f3rdoba o Sevilla. Sin embargo, Granada recompensa con creces a los que se quedan m\u00e1s tiempo, tanto para una peque\u00f1a escapada como para una inmersi\u00f3n hist\u00f3rica en profundidad. Abundan los lugares donde se puede apreciar la huella que dejaron los musulmanes, incluso cinco siglos despu\u00e9s de la Reconquista llevada a cabo por los Reyes Cat\u00f3licos, Isabel y Fernando. Las calles del barrio del Albaic\u00edn a\u00fan conservan una atm\u00f3sfera llena de magia.&nbsp;<\/span><\/p>\n\n\n<div id=\"search-widget-overlay\" class=\"search-widget-overlay\">\r\n  <div class=\"search-widget-overlay__form\" data-search-widget-container>\r\n    <div class=\"search-widget-overlay__details\">\r\n      <button class=\"search-widget-overlay__close\" data-search-widget-close>\r\n        \u2715\r\n      <\/button>\r\n      <div class=\"search-widget-overlay__text\">\r\n        Granada      <\/div>\r\n    <\/div>\r\n\r\n  <\/div>\r\n<\/div>\r\n\r\n<div class=\"search-widget-cta\">\r\n  <button class=\"search-widget-cta__button\" data-search-widget-cta>\r\n    Billetes a Granada  <\/button>\r\n<\/div>\n\n\n<h3 class=\"wp-block-heading\"><b>D\u00f3nde comer<\/b><\/h3>\n\n\n\n<figure class=\"wp-block-image size-full\"><img decoding=\"async\" src=\"https:\/\/www.omio.es\/window-seat\/wp-content\/uploads\/2022\/04\/granada2.jpg\" alt=\"\" class=\"wp-image-4200\"\/><figcaption>El jam\u00f3n ib\u00e9rico es un indispensable de su gastronom\u00eda. <br>Foto: Unsplash<br><\/figcaption><\/figure>\n\n\n\n<p><span style=\"font-weight: 400;\">Los platos y los ingredientes de la cocina andaluza son muy variados: el gazpacho, el jerez o las famosas tapas. La mayor parte del aceite de oliva del pa\u00eds se produce en esta regi\u00f3n (ver\u00e1s filas interminables de olivos en cualquier zona rural), mientras que algunos de los mejores jamones ib\u00e9ricos proceden de la Alpujarra, al sureste de Granada.&nbsp;<\/span><\/p>\n\n\n\n<p><span style=\"font-weight: 400;\">El origen exacto de uno de los alimentos m\u00e1s conocidos de Espa\u00f1a, los churros, no est\u00e1 del todo claro. Pero no hay duda de que alcanzaron un nuevo nivel cuando se unieron al chocolate caliente, un matrimonio que naci\u00f3 gracias a los barcos que volv\u00edan desde Am\u00e9rica. El Caf\u00e9 F\u00fatbol es toda una instituci\u00f3n granadina cuando se habla de churros con chocolate. Su terraza se extiende por la Plaza de Mariana Pineda cuando el tiempo acompa\u00f1a, y tambi\u00e9n puedes pedir granizados o helados. Despu\u00e9s de un buen desayuno, hay varios sitios cercanos de obligada visita. Justo al lado de la plaza se halla el Palacio de Bibataub\u00edn, un edificio del siglo XVIII llamado as\u00ed por la antigua puerta morisca de Bibataub\u00edn, que se encontraba en este lugar. A pocos minutos y en direcci\u00f3n contraria, se levanta el Cuarto Real de Santo Domingo, una verdadera joya de la \u00e9poca almohade. Es uno de los pocos testimonios de arquitectura residencial que sobreviven de la Granada del siglo XIII, adem\u00e1s de ser un claro precursor de la Alhambra y otros palacios. Una gran ventaja: la entrada a este monumento es gratuita.&nbsp;<\/span><\/p>\n\n\n\n<p><span style=\"font-weight: 400;\">Ya que hablamos de la Alhambra, contemplarla durante un almuerzo tranquilo es posible en el Carmen Mirador de Aixa. El Barrio del Albaic\u00edn, que se extiende a lo largo de la colina coronada por la Alhambra, es un entramado de callejuelas que siguen el plan original de los antiguos asentamientos musulmanes. La zona alberga varios restaurantes cuyo principal reclamo es la panor\u00e1mica del magn\u00edfico palacio, desde sus terrazas y sus amplias cristaleras. A pesar de que no todos destacan igualmente por su comida, el Carmen Mirador de Aixa es una de las mejores opciones. Prueba el gazpacho (el cual solo ofrecen cuando los tomates est\u00e1n en su punto \u00f3ptimo de madurez) y alguno de los platos t\u00edpicos de bacalao. Este restaurante permanece cerrado desde noviembre hasta Semana Santa. Si viajas a Granada en invierno, puedes ir al Carmen de Aben Humeya, situado en dos casas moriscas rodeadas de frondosos jardines, con bellas vistas <br>a la Alhambra.&nbsp;<\/span><\/p>\n\n\n\n<figure class=\"wp-block-gallery columns-2 is-cropped wp-block-gallery-1 is-layout-flex wp-block-gallery-is-layout-flex\"><ul class=\"blocks-gallery-grid\"><li class=\"blocks-gallery-item\"><figure><img decoding=\"async\" src=\"https:\/\/www.omio.es\/window-seat\/wp-content\/uploads\/2022\/04\/granada3_left.jpg\" alt=\"\" data-id=\"4207\" data-full-url=\"https:\/\/www.omio.es\/window-seat\/wp-content\/uploads\/2022\/04\/granada3_left.jpg\" data-link=\"https:\/\/www.omio.es\/window-seat\/granada3_left\/\" class=\"wp-image-4207\"\/><figcaption class=\"blocks-gallery-item__caption\">Arranca el d\u00eda con unos churros con chocolate en el Caf\u00e9 F\u00fatbol. <br>Foto: Caf\u00e9 Futbol<\/figcaption><\/figure><\/li><li class=\"blocks-gallery-item\"><figure><img decoding=\"async\" src=\"https:\/\/www.omio.es\/window-seat\/wp-content\/uploads\/2022\/04\/granada4_right.jpg\" alt=\"\" data-id=\"4243\" data-full-url=\"https:\/\/www.omio.es\/window-seat\/wp-content\/uploads\/2022\/04\/granada4_right.jpg\" data-link=\"https:\/\/www.omio.es\/window-seat\/granada4_right\/\" class=\"wp-image-4248\"\/><figcaption class=\"blocks-gallery-item__caption\">Las bellas panor\u00e1micas de la Alhambra te esperan en el Carmen Mirador de Aixa. <br>Foto: Carmen Mirador de Aixa<\/figcaption><\/figure><\/li><\/ul><\/figure>\n\n\n\n<h3 class=\"wp-block-heading\"><b>Qu\u00e9 hacer<\/b><\/h3>\n\n\n\n<p>Si vas a visitar Granada, casi seguro que visitar\u00e1s la Alhambra, una fortaleza y una serie de palacios que forman el lugar m\u00e1s emblem\u00e1tico de la ciudad. Construida entre los siglos XIII y XV por los emires nazar\u00edes que gobernaban Granada, es posiblemente la obra de arquitectura isl\u00e1mica m\u00e1s famosa de Europa y uno de los palacios hist\u00f3ricos isl\u00e1micos mejor conservados del mundo. Incluso los nombres de los distintos lugares del complejo evocan las fantas\u00edas de Las mil y una noches: el Palacio de los Leones, el Patio de los Arrayanes, la Sala de Dos Hermanas, la Puerta de la Justicia y otros.&nbsp;<\/p>\n\n\n\n<p>Puede resultar dif\u00edcil de creer hoy en d\u00eda, mientras te unes a los miles de visitantes que acuden para admirar sus fuentes y sus techos en forma de panal, que a principios del siglo XIX la Alhambra estaba casi abandonada. Durante la invasi\u00f3n napole\u00f3nica de Espa\u00f1a fue ocupada por las tropas francesas y sufri\u00f3 graves da\u00f1os. El renovado reconocimiento de la Alhambra, as\u00ed como el halo rom\u00e1ntico que ahora envuelve al complejo, se debe en gran parte al escritor estadounidense Washington Irving, que vivi\u00f3 en un apartamento all\u00ed de 1830 a 1832, cuando se public\u00f3 por primera vez su libro Cuentos de la Alhambra. La Alhambra se convertir\u00eda en un elemento destacado de muchos cuadros que evocan una visi\u00f3n rom\u00e1ntica de la Espa\u00f1a morisca, as\u00ed como de obras de ficci\u00f3n durante el resto del siglo XIX.&nbsp;<\/p>\n\n\n\n<p>Como gran parte de la historia de la Alhambra, incluso el fin de su uso como palacio de los emires de Granada viene acompa\u00f1ado de un relato curioso. Cuando el \u00faltimo emir, Boabdil, se rindi\u00f3 a los Reyes Cat\u00f3licos, Fernando e Isabel, en 1492, se dice que llor\u00f3 al contemplar la Alhambra cuando se march\u00f3 de Granada. Su madre le rega\u00f1\u00f3 por &#8220;llorar como una mujer lo que no pod\u00eda defender como un hombre&#8221;.<\/p>\n\n\n\n<p>Los palacios isl\u00e1micos son m\u00e1s conocidos que el Palacio de Carlos V, pero tambi\u00e9n es una notable obra de arquitectura que refleja los ideales del Renacimiento. La construcci\u00f3n del enorme palacio cuadrado con su patio circular comenz\u00f3 en 1527 y su s\u00f3lida geometr\u00eda contrasta con los palacios nazar\u00edes, m\u00e1s ligeros y delicados. Carlos V, cuyo imperio inclu\u00eda la mayor parte de Am\u00e9rica, nunca vivi\u00f3 en el palacio. De hecho, ning\u00fan monarca durmi\u00f3 nunca en \u00e9l y la cubierta del palacio no se termin\u00f3 hasta 1967.&nbsp;<\/p>\n\n\n\n<p>Es necesario reservar para visitar el complejo y a menudo se agotan las entradas con meses de antelaci\u00f3n. Antes de hacer tus reservas de vuelo u hotel, lo primero que debes hacer es asegurarte de que hay entradas para la Alhambra disponibles en las fechas que deseas visitarla. Las entradas a los palacios nazar\u00edes, la pieza central del complejo, est\u00e1n cronometradas, pero conviene llegar pronto o quedarse despu\u00e9s de la visita para explorar la fortaleza de la Alcazaba, el retiro de verano del Generalife, el Palacio de Carlos V y los extensos jardines.<\/p>\n\n\n\n<p>Aunque la popularidad de la Alhambra es comprensible, las multitudes tambi\u00e9n pueden empa\u00f1ar un poco la experiencia. Es m\u00e1s f\u00e1cil admirar la arquitectura y el arte del dise\u00f1o nazar\u00ed en otros lugares moriscos de Granada. El Palacio de Dar Al-Horra (el Palacio de la Mujer Honesta), en el Albaic\u00edn, se construy\u00f3 para la madre de Boabdil, el desafortunado \u00faltimo emir de Granada. La Madraza se estableci\u00f3 originalmente como seminario, o <em>madrassa<\/em>, en el siglo XIV. Hoy es un centro cultural que forma parte de la Universidad de Granada y que incorpora partes de la <em>madrassa<\/em> original, as\u00ed como adiciones posteriores del barroco y de los siglos XIX y XX. El centro alberga exposiciones temporales que ofrecen una visi\u00f3n de la escena cultural y art\u00edstica de Granada en la actualidad. El Ba\u00f1uelo es uno de los ba\u00f1os \u00e1rabes mejor conservados de Espa\u00f1a. Aunque los lujosos azulejos que cubr\u00edan las paredes hace tiempo que desaparecieron, con un poco de imaginaci\u00f3n es posible visualizar c\u00f3mo eran en el siglo XII. Los ba\u00f1os \u00e1rabes, en cambio, no son hist\u00f3ricos y, aunque son una representaci\u00f3n rom\u00e1ntica de la vida en la Granada medieval, el hammam y el complejo termal recrean la atm\u00f3sfera de una casa de ba\u00f1os \u00e1rabe: un ba\u00f1o de vapor seguido de un masaje es una forma ideal de terminar un d\u00eda de visita a los lugares hist\u00f3ricos de Granada.<\/p>\n\n\n\n<p>Adem\u00e1s de estos edificios individuales, gran parte de la magia de la Granada \u00e1rabe puede experimentarse simplemente paseando por las calles del barrio del Albaic\u00edn, declarado Patrimonio de la Humanidad por la UNESCO al igual que su vecina, la Alhambra. Incluso despu\u00e9s de la ca\u00edda del emirato, esta zona sigui\u00f3 siendo un centro de vida isl\u00e1mica y de cultura morisca -t\u00e9rmino utilizado para referirse a los residentes musulmanes de Andaluc\u00eda que fueron obligados a convertirse al cristianismo-. Aunque se les exigi\u00f3 que adoptaran una nueva fe, muchos edificios posteriores a la conquista en esta zona siguieron reflejando los dise\u00f1os isl\u00e1micos tradicionales. En 1568, una fallida rebeli\u00f3n morisca provoc\u00f3 su expulsi\u00f3n de la zona.&nbsp;<\/p>\n\n\n\n<p>El pasado morisco de Granada cautiva a muchos visitantes de la ciudad, pero su historia no se detuvo tras la marcha de Boabdil. A principios del siglo XVI, los nuevos gobernantes de la ciudad iniciaron la construcci\u00f3n de una catedral, sobre la antigua mezquita principal. A diferencia de muchas de las catedrales espa\u00f1olas, que se construyeron en estilo g\u00f3tico, dada la construcci\u00f3n relativamente tard\u00eda de la de Granada, es un raro ejemplo de dise\u00f1o renacentista espa\u00f1ol. Al lado de la catedral, la Capilla Real es el lugar de descanso de Fernando e Isabel, los llamados Reyes Cat\u00f3licos que completaron la unificaci\u00f3n de Espa\u00f1a cuando conquistaron Granada y tambi\u00e9n patrocinaron el viaje de Crist\u00f3bal Col\u00f3n al Nuevo Mundo.&nbsp;<\/p>\n\n\n\n<p>La Casa de los Tiros es otro edificio del siglo XVI a destacar. La casa de la familia noble Grana Venegas debe su nombre (&#8220;la casa de los tiros&#8221;) a los ca\u00f1ones que se encontraban entre sus almenas. Destaca su elaborado Cuarto Dorado, as\u00ed como su colecci\u00f3n de documentos que arrojan luz sobre la historia de Granada.&nbsp;<\/p>\n\n\n\n<p>Avanzando hasta el siglo XX, muchos lectores y aficionados al teatro asocian la ciudad de Granada con su hijo m\u00e1s famoso, el escritor Federico Garc\u00eda Lorca. El autor de las obras de teatro &#8220;Bodas de Sangre&#8221; y &#8220;La Casa de Bernarda Alba&#8221;, as\u00ed como de numerosos vol\u00famenes de poes\u00eda (\u201cPoeta en Nueva York\u201d es el m\u00e1s conocido de ellos a nivel internacional al haber sido traducido al ingl\u00e9s y a muchos otros idiomas) naci\u00f3 en Granada. All\u00ed tambi\u00e9n fue detenido y asesinado en 1936 por las tropas nacionalistas leales al dictador que gobernar\u00eda Espa\u00f1a durante casi medio siglo, Francisco Franco. Los detalles de las \u00faltimas horas de Garc\u00eda Lorca siguen siendo un misterio y sus restos nunca han sido encontrados, aunque algunos creen que un olivo en el Parque Federico Garc\u00eda Lorca marca el lugar donde podr\u00eda haber sido enterrado. Tres casas en las que vivi\u00f3 el poeta -las casas de su infancia en los pueblos cercanos de Vaqueros y Valderrubio y la casa de verano de la familia, Huerta de San Vicente, situada dentro de Granada en el parque dedicado al poeta- son ahora museos.<\/p>\n\n\n\n<p>Una de las \u00faltimas incorporaciones a los lugares de visita obligada de Granada es el enorme Parque de las Ciencias, de 70.000 metros cuadrados, situado un poco m\u00e1s al sur del centro de la ciudad. Esta instalaci\u00f3n, inaugurada en 1995, alberga exposiciones temporales y cuenta con un planetario, instalaciones educativas, un cine, una cafeter\u00eda y mucho m\u00e1s. Diferentes partes del parque ofrecen oportunidades para que los visitantes exploren sus intereses en astronom\u00eda, biolog\u00eda, bot\u00e1nica y otros campos de la ciencia.&nbsp;<\/p>\n\n\n\n<p>En 2009, al Parque de las Ciencias se uni\u00f3 otro de los nuevos puntos culturales de la ciudad, el Museo de la Memoria de Andaluc\u00eda, dise\u00f1ado por el notable arquitecto espa\u00f1ol Alberto Campo Baeza. El edificio es de un blanco resplandeciente que evoca los pueblos encalados de Andaluc\u00eda, aunque el dise\u00f1o cuenta con una dosis de energ\u00eda modernista, con sus rampas arremolinadas y su estilo dram\u00e1tico. Las cuatro secciones del museo abarcan la historia natural de Andaluc\u00eda, su historia pol\u00edtica, la vida cotidiana y su rico patrimonio cultural. Dentro tambi\u00e9n encontrar\u00e1s el Restaurante Arriaga donde el chef vasco \u00c1lvaro Arriaga prepara platos con ingredientes locales. Podr\u00e1s disfrutar de la comida mirando a las cumbres de Sierra Nevada.<\/p>\n\n\n\n<figure class=\"wp-block-gallery has-nested-images columns-default is-cropped wp-block-gallery-2 is-layout-flex wp-block-gallery-is-layout-flex\">\n<figure class=\"wp-block-image size-large\"><img decoding=\"async\" data-id=\"4177\" src=\"https:\/\/www.omio.es\/window-seat\/wp-content\/uploads\/2022\/04\/granada5_square_topleft.jpg\" alt=\"\" class=\"wp-image-4177\"\/><figcaption>La Alhambra representa el culmen de la arquitectura nazar\u00ed.<br>Foto: Age Barros\/Unsplash<\/figcaption><\/figure>\n\n\n\n<figure class=\"wp-block-image size-large\"><img decoding=\"async\" data-id=\"4219\" src=\"https:\/\/www.omio.es\/window-seat\/wp-content\/uploads\/2022\/04\/granada6_square_topright.jpg\" alt=\"\" class=\"wp-image-4219\"\/><figcaption>En el palacio y sus dependencias contemplar\u00e1s los caracter\u00edsticos patios con arcadas. <br>Foto: Agatha Depine\/Unsplash<\/figcaption><\/figure>\n<\/figure>\n\n\n\n<figure class=\"wp-block-gallery has-nested-images columns-default is-cropped wp-block-gallery-3 is-layout-flex wp-block-gallery-is-layout-flex\">\n<figure class=\"wp-block-image size-large\"><img decoding=\"async\" data-id=\"4189\" src=\"https:\/\/www.omio.es\/window-seat\/wp-content\/uploads\/2022\/04\/granada7_square_bottomleft.jpg\" alt=\"\" class=\"wp-image-4189\"\/><figcaption>La ciudad est\u00e1 plagada de lugares hist\u00f3ricos. <br>Foto: Simon Middleton\/Unsplash<\/figcaption><\/figure>\n\n\n\n<figure class=\"wp-block-image size-large\"><img decoding=\"async\" data-id=\"4201\" src=\"https:\/\/www.omio.es\/window-seat\/wp-content\/uploads\/2022\/04\/granada8_square_bottomright.jpg\" alt=\"\" class=\"wp-image-4201\"\/><figcaption>La Catedral de Granada es uno de las obras m\u00e1s impactantes del centro de la ciudad. <br>Foto: Sergio Rota\/Unsplash<\/figcaption><\/figure>\n<\/figure>\n\n\n\n<h3 class=\"wp-block-heading\"><b>D\u00f3nde dormir<\/b><\/h3>\n\n\n\n<h4 class=\"wp-block-heading\"><b>Parador de Granada<\/b><\/h4>\n\n\n\n<p><span style=\"font-weight: 400;\">Si el dinero no supone un problema o se trata de un viaje especial, como tu luna de miel, merece la pena quedarse en el Parador de Granada. Este antiguo convento convertido en hotel se sit\u00faa dentro de los terrenos de la Alhambra. Podr\u00e1s pasar las noches en los jardines o ser el primero en llegar por la ma\u00f1ana al preciado monumento, antes de que aparezcan las multitudes.&nbsp;<\/span><\/p>\n\n\n\n<figure class=\"wp-block-gallery columns-2 is-cropped wp-block-gallery-4 is-layout-flex wp-block-gallery-is-layout-flex\"><ul class=\"blocks-gallery-grid\"><li class=\"blocks-gallery-item\"><figure><img decoding=\"async\" src=\"https:\/\/www.omio.es\/window-seat\/wp-content\/uploads\/2022\/04\/granada9_left.jpg\" alt=\"\" data-id=\"4225\" data-full-url=\"https:\/\/www.omio.es\/window-seat\/wp-content\/uploads\/2022\/04\/granada9_left.jpg\" data-link=\"https:\/\/www.omio.es\/window-seat\/granada9_left\/\" class=\"wp-image-4225\"\/><figcaption class=\"blocks-gallery-item__caption\">Las camas con dosel y la decoraci\u00f3n morisca son una constante en las habitaciones del Parador de Granada. <br>Foto: Booking.com<\/figcaption><\/figure><\/li><li class=\"blocks-gallery-item\"><figure><img decoding=\"async\" src=\"https:\/\/www.omio.es\/window-seat\/wp-content\/uploads\/2022\/04\/granada10_right.jpg\" alt=\"\" data-id=\"4255\" data-full-url=\"https:\/\/www.omio.es\/window-seat\/wp-content\/uploads\/2022\/04\/granada10_right.jpg\" data-link=\"https:\/\/www.omio.es\/window-seat\/granada10_right\/\" class=\"wp-image-4260\"\/><figcaption class=\"blocks-gallery-item__caption\">Este hotel fue en otro tiempo un convento dentro de los terrenos de la Alhambra. <br>Foto: Booking.com<\/figcaption><\/figure><\/li><\/ul><\/figure>\n\n\n\n<h4 class=\"wp-block-heading\"><b>Palacio de Santa In\u00e9s<\/b><\/h4>\n\n\n\n<p><span style=\"font-weight: 400;\">Si quieres dormir en un palacio hist\u00f3rico, pero algo m\u00e1s econ\u00f3mico, opta por el Palacio de Santa In\u00e9s. Los dos edificios originales que albergan este hotel datan del siglo XVI, poco despu\u00e9s de que la ciudad fuera conquistada por los Reyes Cat\u00f3licos en 1492. F\u00edjate bien en detalles como los azulejos, los frescos renacentistas o el tejado mud\u00e9jar, que se han conservado cuidadosamente. En las habitaciones hallar\u00e1s todas las comodidades propias de un alojamiento moderno. Otra ventaja es su estupenda ubicaci\u00f3n en el barrio del Albaic\u00edn, muy conveniente para descubrir algunos de los lugares m\u00e1s destacados de Granada: la Catedral, por ejemplo, se encuentra a menos de diez minutos a pie, mientras que a la entrada de la Alhambra se llega en unos 20 minutos caminando.&nbsp;<\/span><\/p>\n\n\n\n<figure class=\"wp-block-gallery has-nested-images columns-default is-cropped wp-block-gallery-5 is-layout-flex wp-block-gallery-is-layout-flex\">\n<figure class=\"wp-block-image size-large\"><img decoding=\"async\" data-id=\"4249\" src=\"https:\/\/www.omio.es\/window-seat\/wp-content\/uploads\/2022\/04\/granada11_left.jpg\" alt=\"\" class=\"wp-image-4249\"\/><figcaption>El Palacio de Santa In\u00e9s est\u00e1 emplazado en un edificio del siglo XVI. <br>Foto: Booking.com<\/figcaption><\/figure>\n\n\n\n<figure class=\"wp-block-image size-large\"><img decoding=\"async\" data-id=\"4237\" src=\"https:\/\/www.omio.es\/window-seat\/wp-content\/uploads\/2022\/04\/granada12_right.jpg\" alt=\"\" class=\"wp-image-4237\"\/><figcaption>En los balcones del hotel gozar\u00e1s de unas vistas magn\u00edficas. <br>Foto: Booking.com<\/figcaption><\/figure>\n<\/figure>\n\n\n<div id=\"search-widget-overlay\" class=\"search-widget-overlay\">\r\n  <div class=\"search-widget-overlay__form\" data-search-widget-container>\r\n    <div class=\"search-widget-overlay__details\">\r\n      <button class=\"search-widget-overlay__close\" data-search-widget-close>\r\n        \u2715\r\n      <\/button>\r\n      <div class=\"search-widget-overlay__text\">\r\n        Granada      <\/div>\r\n    <\/div>\r\n\r\n  <\/div>\r\n<\/div>\r\n\r\n<div class=\"search-widget-cta\">\r\n  <button class=\"search-widget-cta__button\" data-search-widget-cta>\r\n    Billetes a Granada  <\/button>\r\n<\/div>\n\n\n<h4 class=\"wp-block-heading\"><b>Casa Morisca<\/b><\/h4>\n\n\n\n<p><span style=\"font-weight: 400;\">Cerca del Palacio de Santa In\u00e9s, igualmente en el Albaic\u00edn, la Casa Morisca ocupa un edificio a\u00fan m\u00e1s antiguo, de finales del siglo XV. Su nombre proviene del t\u00e9rmino usado para los musulmanes que se quedaron en Espa\u00f1a tras la Reconquista. Esta construcci\u00f3n se ha transformado en un hotel de 14 habitaciones, despu\u00e9s de una rehabilitaci\u00f3n profunda a cargo del arquitecto Carlos S\u00e1nchez. Aqu\u00ed gozar\u00e1s de una atm\u00f3sfera evocadora, gracias a elementos como la fuente morisca del patio central o los asombrosos artesonados.&nbsp;<\/span><\/p>\n\n\n\n<figure class=\"wp-block-gallery has-nested-images columns-default is-cropped wp-block-gallery-6 is-layout-flex wp-block-gallery-is-layout-flex\">\n<figure class=\"wp-block-image size-large\"><img decoding=\"async\" data-id=\"7610\" src=\"https:\/\/www.omio.es\/window-seat\/wp-content\/uploads\/2022\/04\/granasa13_left.jpg\" alt=\"\" class=\"wp-image-7610\"\/><figcaption>El edificio de la Casa Morisca data del siglo XV. <br>Foto: Booking.com<\/figcaption><\/figure>\n\n\n\n<figure class=\"wp-block-image size-large\"><img decoding=\"async\" data-id=\"4213\" src=\"https:\/\/www.omio.es\/window-seat\/wp-content\/uploads\/2022\/04\/granada14_right.jpg\" alt=\"\" class=\"wp-image-4213\"\/><figcaption>Las 14 habitaciones est\u00e1n dise\u00f1adas por Carlos S\u00e1nchez. <br>Foto: Booking.com<\/figcaption><\/figure>\n<\/figure>\n","protected":false},"excerpt":{"rendered":"<p>Nuestra gu\u00eda de Granada va m\u00e1s all\u00e1 de la Alhambra<\/p>\n","protected":false},"author":1,"featured_media":5442,"comment_status":"open","ping_status":"open","sticky":false,"template":"","format":"standard","meta":{"_acf_changed":false,"inline_featured_image":false,"footnotes":""},"categories":[2165],"tags":[],"position_ids":[],"class_list":["post-28488","post","type-post","status-publish","format-standard","has-post-thumbnail","hentry","category-espana","entry"],"acf":[],"yoast_head":"<!-- This site is optimized with the Yoast SEO plugin v24.9 - https:\/\/yoast.com\/wordpress\/plugins\/seo\/ -->\n<title>Qu\u00e9 ver en Granada (Gu\u00eda local de la ciudad) en 2026<\/title>\n<meta name=\"description\" content=\"Descubre Granada: qu\u00e9 hacer, d\u00f3nde comer y qu\u00e9 visitar. Explora la gu\u00eda local y m\u00e1s completa de la ciudad de la Alhambra.\" \/>\n<meta name=\"robots\" content=\"index, follow, max-snippet:-1, max-image-preview:large, max-video-preview:-1\" \/>\n<link rel=\"canonical\" href=\"https:\/\/www.omio.es\/window-seat\/paises\/espana\/granada\/\" \/>\n<meta property=\"og:locale\" content=\"en_US\" \/>\n<meta property=\"og:type\" content=\"article\" \/>\n<meta property=\"og:title\" content=\"Qu\u00e9 ver en Granada (Gu\u00eda local de la ciudad) en 2026\" \/>\n<meta property=\"og:description\" content=\"Descubre Granada: qu\u00e9 hacer, d\u00f3nde comer y qu\u00e9 visitar. Explora la gu\u00eda local y m\u00e1s completa de la ciudad de la Alhambra.\" \/>\n<meta property=\"og:url\" content=\"https:\/\/www.omio.es\/window-seat\/es\/paises\/espana\/granada\/\" \/>\n<meta property=\"og:site_name\" content=\"The Window Seat\" \/>\n<meta property=\"article:published_time\" content=\"2021-02-01T00:00:00+00:00\" \/>\n<meta property=\"article:modified_time\" content=\"2022-07-07T14:01:34+00:00\" \/>\n<meta property=\"og:image\" content=\"https:\/\/www.omio.es\/window-seat\/wp-content\/uploads\/2022\/04\/Granada1-scaled.jpg\" \/>\n\t<meta property=\"og:image:width\" content=\"2560\" \/>\n\t<meta property=\"og:image:height\" content=\"1700\" \/>\n\t<meta property=\"og:image:type\" content=\"image\/jpeg\" \/>\n<meta name=\"author\" content=\"The Window Seat\" \/>\n<meta name=\"twitter:card\" content=\"summary_large_image\" \/>\n<meta name=\"twitter:label1\" content=\"Written by\" \/>\n\t<meta name=\"twitter:data1\" content=\"The Window Seat\" \/>\n\t<meta name=\"twitter:label2\" content=\"Est. reading time\" \/>\n\t<meta name=\"twitter:data2\" content=\"14 minutes\" \/>\n<script type=\"application\/ld+json\" class=\"yoast-schema-graph\">{\"@context\":\"https:\/\/schema.org\",\"@graph\":[{\"@type\":\"WebPage\",\"@id\":\"https:\/\/www.omio.es\/window-seat\/es\/paises\/espana\/granada\/\",\"url\":\"https:\/\/www.omio.es\/window-seat\/es\/paises\/espana\/granada\/\",\"name\":\"Qu\u00e9 ver en Granada (Gu\u00eda local de la ciudad) en 2026\",\"isPartOf\":{\"@id\":\"https:\/\/www.omio.es\/window-seat\/#website\"},\"primaryImageOfPage\":{\"@id\":\"https:\/\/www.omio.es\/window-seat\/es\/paises\/espana\/granada\/#primaryimage\"},\"image\":{\"@id\":\"https:\/\/www.omio.es\/window-seat\/es\/paises\/espana\/granada\/#primaryimage\"},\"thumbnailUrl\":\"https:\/\/www.omio.es\/window-seat\/wp-content\/uploads\/2022\/04\/Granada1-scaled.jpg\",\"datePublished\":\"2021-02-01T00:00:00+00:00\",\"dateModified\":\"2022-07-07T14:01:34+00:00\",\"author\":{\"@id\":\"https:\/\/www.omio.es\/window-seat\/#\/schema\/person\/8cd4686bf4ef930c7782ad55724cb9bc\"},\"description\":\"Descubre Granada: qu\u00e9 hacer, d\u00f3nde comer y qu\u00e9 visitar. Explora la gu\u00eda local y m\u00e1s completa de la ciudad de la Alhambra.\",\"breadcrumb\":{\"@id\":\"https:\/\/www.omio.es\/window-seat\/es\/paises\/espana\/granada\/#breadcrumb\"},\"inLanguage\":\"en-US\",\"potentialAction\":[{\"@type\":\"ReadAction\",\"target\":[\"https:\/\/www.omio.es\/window-seat\/es\/paises\/espana\/granada\/\"]}]},{\"@type\":\"ImageObject\",\"inLanguage\":\"en-US\",\"@id\":\"https:\/\/www.omio.es\/window-seat\/es\/paises\/espana\/granada\/#primaryimage\",\"url\":\"https:\/\/www.omio.es\/window-seat\/wp-content\/uploads\/2022\/04\/Granada1-scaled.jpg\",\"contentUrl\":\"https:\/\/www.omio.es\/window-seat\/wp-content\/uploads\/2022\/04\/Granada1-scaled.jpg\",\"width\":2560,\"height\":1700,\"caption\":\"Credit: Shutterstock\"},{\"@type\":\"BreadcrumbList\",\"@id\":\"https:\/\/www.omio.es\/window-seat\/es\/paises\/espana\/granada\/#breadcrumb\",\"itemListElement\":[{\"@type\":\"ListItem\",\"position\":1,\"name\":\"The Window Seat\",\"item\":\"https:\/\/www.omio.es\/window-seat\/\"},{\"@type\":\"ListItem\",\"position\":2,\"name\":\"Countries\",\"item\":\"https:\/\/www.omio.es\/window-seat\/countries\/\"},{\"@type\":\"ListItem\",\"position\":3,\"name\":\"Spain\",\"item\":\"https:\/\/www.omio.es\/window-seat\/countries\/spain\/\"},{\"@type\":\"ListItem\",\"position\":4,\"name\":\"Las mejores cosas que ver en Granada\"}]},{\"@type\":\"WebSite\",\"@id\":\"https:\/\/www.omio.es\/window-seat\/#website\",\"url\":\"https:\/\/www.omio.es\/window-seat\/\",\"name\":\"The Window Seat\",\"description\":\"\",\"potentialAction\":[{\"@type\":\"SearchAction\",\"target\":{\"@type\":\"EntryPoint\",\"urlTemplate\":\"https:\/\/www.omio.es\/window-seat\/?s={search_term_string}\"},\"query-input\":{\"@type\":\"PropertyValueSpecification\",\"valueRequired\":true,\"valueName\":\"search_term_string\"}}],\"inLanguage\":\"en-US\"},{\"@type\":\"Person\",\"@id\":\"https:\/\/www.omio.es\/window-seat\/#\/schema\/person\/8cd4686bf4ef930c7782ad55724cb9bc\",\"name\":\"The Window Seat\",\"image\":{\"@type\":\"ImageObject\",\"inLanguage\":\"en-US\",\"@id\":\"https:\/\/www.omio.es\/window-seat\/#\/schema\/person\/image\/\",\"url\":\"https:\/\/secure.gravatar.com\/avatar\/fe8ef6a7192bfbdbf9c22e062f16ac1a235d0149740bc8f037d21ea511dbcd51?s=96&d=mm&r=g\",\"contentUrl\":\"https:\/\/secure.gravatar.com\/avatar\/fe8ef6a7192bfbdbf9c22e062f16ac1a235d0149740bc8f037d21ea511dbcd51?s=96&d=mm&r=g\",\"caption\":\"The Window Seat\"},\"sameAs\":[\"http:\/\/www.omio.es\/window-seat\"]}]}<\/script>\n<!-- \/ Yoast SEO plugin. -->","yoast_head_json":{"title":"Qu\u00e9 ver en Granada (Gu\u00eda local de la ciudad) en 2026","description":"Descubre Granada: qu\u00e9 hacer, d\u00f3nde comer y qu\u00e9 visitar. Explora la gu\u00eda local y m\u00e1s completa de la ciudad de la Alhambra.","robots":{"index":"index","follow":"follow","max-snippet":"max-snippet:-1","max-image-preview":"max-image-preview:large","max-video-preview":"max-video-preview:-1"},"canonical":"https:\/\/www.omio.es\/window-seat\/paises\/espana\/granada\/","og_locale":"en_US","og_type":"article","og_title":"Qu\u00e9 ver en Granada (Gu\u00eda local de la ciudad) en 2026","og_description":"Descubre Granada: qu\u00e9 hacer, d\u00f3nde comer y qu\u00e9 visitar. Explora la gu\u00eda local y m\u00e1s completa de la ciudad de la Alhambra.","og_url":"https:\/\/www.omio.es\/window-seat\/es\/paises\/espana\/granada\/","og_site_name":"The Window Seat","article_published_time":"2021-02-01T00:00:00+00:00","article_modified_time":"2022-07-07T14:01:34+00:00","og_image":[{"width":2560,"height":1700,"url":"https:\/\/www.omio.es\/window-seat\/wp-content\/uploads\/2022\/04\/Granada1-scaled.jpg","type":"image\/jpeg"}],"author":"The Window Seat","twitter_card":"summary_large_image","twitter_misc":{"Written by":"The Window Seat","Est. reading time":"14 minutes"},"schema":{"@context":"https:\/\/schema.org","@graph":[{"@type":"WebPage","@id":"https:\/\/www.omio.es\/window-seat\/es\/paises\/espana\/granada\/","url":"https:\/\/www.omio.es\/window-seat\/es\/paises\/espana\/granada\/","name":"Qu\u00e9 ver en Granada (Gu\u00eda local de la ciudad) en 2026","isPartOf":{"@id":"https:\/\/www.omio.es\/window-seat\/#website"},"primaryImageOfPage":{"@id":"https:\/\/www.omio.es\/window-seat\/es\/paises\/espana\/granada\/#primaryimage"},"image":{"@id":"https:\/\/www.omio.es\/window-seat\/es\/paises\/espana\/granada\/#primaryimage"},"thumbnailUrl":"https:\/\/www.omio.es\/window-seat\/wp-content\/uploads\/2022\/04\/Granada1-scaled.jpg","datePublished":"2021-02-01T00:00:00+00:00","dateModified":"2022-07-07T14:01:34+00:00","author":{"@id":"https:\/\/www.omio.es\/window-seat\/#\/schema\/person\/8cd4686bf4ef930c7782ad55724cb9bc"},"description":"Descubre Granada: qu\u00e9 hacer, d\u00f3nde comer y qu\u00e9 visitar. Explora la gu\u00eda local y m\u00e1s completa de la ciudad de la Alhambra.","breadcrumb":{"@id":"https:\/\/www.omio.es\/window-seat\/es\/paises\/espana\/granada\/#breadcrumb"},"inLanguage":"en-US","potentialAction":[{"@type":"ReadAction","target":["https:\/\/www.omio.es\/window-seat\/es\/paises\/espana\/granada\/"]}]},{"@type":"ImageObject","inLanguage":"en-US","@id":"https:\/\/www.omio.es\/window-seat\/es\/paises\/espana\/granada\/#primaryimage","url":"https:\/\/www.omio.es\/window-seat\/wp-content\/uploads\/2022\/04\/Granada1-scaled.jpg","contentUrl":"https:\/\/www.omio.es\/window-seat\/wp-content\/uploads\/2022\/04\/Granada1-scaled.jpg","width":2560,"height":1700,"caption":"Credit: Shutterstock"},{"@type":"BreadcrumbList","@id":"https:\/\/www.omio.es\/window-seat\/es\/paises\/espana\/granada\/#breadcrumb","itemListElement":[{"@type":"ListItem","position":1,"name":"The Window Seat","item":"https:\/\/www.omio.es\/window-seat\/"},{"@type":"ListItem","position":2,"name":"Countries","item":"https:\/\/www.omio.es\/window-seat\/countries\/"},{"@type":"ListItem","position":3,"name":"Spain","item":"https:\/\/www.omio.es\/window-seat\/countries\/spain\/"},{"@type":"ListItem","position":4,"name":"Las mejores cosas que ver en Granada"}]},{"@type":"WebSite","@id":"https:\/\/www.omio.es\/window-seat\/#website","url":"https:\/\/www.omio.es\/window-seat\/","name":"The Window Seat","description":"","potentialAction":[{"@type":"SearchAction","target":{"@type":"EntryPoint","urlTemplate":"https:\/\/www.omio.es\/window-seat\/?s={search_term_string}"},"query-input":{"@type":"PropertyValueSpecification","valueRequired":true,"valueName":"search_term_string"}}],"inLanguage":"en-US"},{"@type":"Person","@id":"https:\/\/www.omio.es\/window-seat\/#\/schema\/person\/8cd4686bf4ef930c7782ad55724cb9bc","name":"The Window Seat","image":{"@type":"ImageObject","inLanguage":"en-US","@id":"https:\/\/www.omio.es\/window-seat\/#\/schema\/person\/image\/","url":"https:\/\/secure.gravatar.com\/avatar\/fe8ef6a7192bfbdbf9c22e062f16ac1a235d0149740bc8f037d21ea511dbcd51?s=96&d=mm&r=g","contentUrl":"https:\/\/secure.gravatar.com\/avatar\/fe8ef6a7192bfbdbf9c22e062f16ac1a235d0149740bc8f037d21ea511dbcd51?s=96&d=mm&r=g","caption":"The Window Seat"},"sameAs":["http:\/\/www.omio.es\/window-seat"]}]}},"_links":{"self":[{"href":"https:\/\/www.omio.es\/window-seat\/wp-json\/wp\/v2\/posts\/28488","targetHints":{"allow":["GET"]}}],"collection":[{"href":"https:\/\/www.omio.es\/window-seat\/wp-json\/wp\/v2\/posts"}],"about":[{"href":"https:\/\/www.omio.es\/window-seat\/wp-json\/wp\/v2\/types\/post"}],"author":[{"embeddable":true,"href":"https:\/\/www.omio.es\/window-seat\/wp-json\/wp\/v2\/users\/1"}],"replies":[{"embeddable":true,"href":"https:\/\/www.omio.es\/window-seat\/wp-json\/wp\/v2\/comments?post=28488"}],"version-history":[{"count":6,"href":"https:\/\/www.omio.es\/window-seat\/wp-json\/wp\/v2\/posts\/28488\/revisions"}],"predecessor-version":[{"id":40174,"href":"https:\/\/www.omio.es\/window-seat\/wp-json\/wp\/v2\/posts\/28488\/revisions\/40174"}],"wp:featuredmedia":[{"embeddable":true,"href":"https:\/\/www.omio.es\/window-seat\/wp-json\/wp\/v2\/media\/5442"}],"wp:attachment":[{"href":"https:\/\/www.omio.es\/window-seat\/wp-json\/wp\/v2\/media?parent=28488"}],"wp:term":[{"taxonomy":"category","embeddable":true,"href":"https:\/\/www.omio.es\/window-seat\/wp-json\/wp\/v2\/categories?post=28488"},{"taxonomy":"post_tag","embeddable":true,"href":"https:\/\/www.omio.es\/window-seat\/wp-json\/wp\/v2\/tags?post=28488"},{"taxonomy":"position_id","embeddable":true,"href":"https:\/\/www.omio.es\/window-seat\/wp-json\/wp\/v2\/position_ids?post=28488"}],"curies":[{"name":"wp","href":"https:\/\/api.w.org\/{rel}","templated":true}]}}