{"id":28524,"date":"2021-03-01T00:00:00","date_gmt":"2021-03-01T00:00:00","guid":{"rendered":"http:\/\/www.omio.es\/window-seat\/sin-categorizar\/sevilla"},"modified":"2022-07-07T14:33:14","modified_gmt":"2022-07-07T14:33:14","slug":"sevilla","status":"publish","type":"post","link":"https:\/\/www.omio.es\/window-seat\/es\/paises\/espana\/sevilla\/","title":{"rendered":"Las mejores cosas que ver en Sevilla"},"content":{"rendered":"\n<p><span style=\"font-weight: 400;\"><a href=\"https:\/\/www.omio.es\/viajes\/sevilla?utm_source=omio-magazine&amp;utm_medium=magazine&amp;utm_campaign=city_guides&amp;utm_content=CG_Seville\" target=\"_blank\" rel=\"noreferrer noopener\">Sevilla<\/a> tiene varios reclamos para los viajeros: no solo es el lugar donde nacieron las tapas o el hogar espiritual del flamenco, sino que en esta ciudad se halla la catedral g\u00f3tica m\u00e1s grande del mundo y el mayor centro hist\u00f3rico conservado de toda Europa.<\/span><\/p>\n\n\n\n<p><span style=\"font-weight: 400;\">Esta urbe est\u00e1 completamente impregnada de historia, con hitos arquitect\u00f3nicos que revelan sus influencias romana, musulmana, cristiana y jud\u00eda, las que han dado forma a la cultura de Andaluc\u00eda durante miles de a\u00f1os. Los orgullosos habitantes de Sevilla hacen gala de un estilo de vida tradicional, con un car\u00e1cter relajado y hospitalario. Todo ello suma para que Sevilla sea uno de los destinos m\u00e1s atractivos de Espa\u00f1a, perfecto para una escapada.<\/span> <strong>\u00a0<\/strong>As\u00ed que consulta nuestra lista con los mejores restaurantes, hoteles y cosas que hacer en Sevilla.<\/p>\n\n\n<div id=\"search-widget-overlay\" class=\"search-widget-overlay\">\r\n  <div class=\"search-widget-overlay__form\" data-search-widget-container>\r\n    <div class=\"search-widget-overlay__details\">\r\n      <button class=\"search-widget-overlay__close\" data-search-widget-close>\r\n        \u2715\r\n      <\/button>\r\n      <div class=\"search-widget-overlay__text\">\r\n        Sevilla      <\/div>\r\n    <\/div>\r\n\r\n  <\/div>\r\n<\/div>\r\n\r\n<div class=\"search-widget-cta\">\r\n  <button class=\"search-widget-cta__button\" data-search-widget-cta>\r\n    Billetes a Sevilla  <\/button>\r\n<\/div>\n\n\n<h3 class=\"wp-block-heading\"><b>D\u00f3nde comer<\/b><\/h3>\n\n\n\n<p><span style=\"font-weight: 400;\">Lo primero es tener cuidado, pues hay muchos sitios para turistas en el centro hist\u00f3rico de Sevilla que no son muy buenos. Como no pod\u00eda ser de otra manera, los restaurantes de tapas dominan cada esquina de la ciudad. Lo m\u00e1s t\u00edpico es tomarse una tapa en la barra de pie: cuanto m\u00e1s lleno est\u00e9 el local, mejor ser\u00e1 la comida. Puedes pedir lo que quieras al camarero y pagar al final, en funci\u00f3n de la cantidad de tapas que hayas tomado.<\/span><\/p>\n\n\n\n<p><span style=\"font-weight: 400;\">Los platos de tapas sevillanas incluyen el c\u00e9lebre jam\u00f3n ib\u00e9rico, el salmorejo o el solomillo al whisky. Las influencias moriscas de la ciudad se dejan ver en recetas como las espinacas con garbanzos. Los boquerones se sirven normalmente fritos o marinados en vinagre. Las bebidas favoritas para acompa\u00f1ar estos manjares son la cerveza de barril Cruzcampo, una copa de jerez fr\u00edo o un vermut dulce y arom\u00e1tico.<\/span><\/p>\n\n\n\n<p><span style=\"font-weight: 400;\">Son varios los locales de tapas que no puedes perderte. Uno de ellos es El Rinconcillo, el restaurante m\u00e1s antiguo de Sevilla (abri\u00f3 sus puertas en 1670), que mantiene un ambiente propio de la vieja escuela y una estupenda comida, a pesar de ser todo un icono. Para algo un poco m\u00e1s contempor\u00e1neo puedes probar las &#8220;gastrotapas&#8221; de La Azotea, que cuenta con cuatro establecimientos en el centro hist\u00f3rico.&nbsp;<\/span><\/p>\n\n\n\n<p><span style=\"font-weight: 400;\">Sevilla tiene tambi\u00e9n varios mercados, una alternativa perfecta para comprar y hacer un picnic a orillas del r\u00edo Guadalquivir. Hay un mercado muy animado en el barrio de Triana, mientras que el Mercado Lonja del Barranco cuenta con puestos de comida callejera. Otra buena apuesta es el Mercado de la Encarnaci\u00f3n, situado bajo las Setas de Sevilla (una peculiar estructura en forma de p\u00e9rgola, inaugurada en 2011 y convertida en todo un s\u00edmbolo). Ya que est\u00e1s aqu\u00ed, aprovecha para bajar al Museo Antiquarium, que muestra los restos arqueol\u00f3gicos que se encontraron durante las obras de las Setas.<\/span><\/p>\n\n\n\n<figure class=\"wp-block-gallery columns-2 is-cropped wp-block-gallery-1 is-layout-flex wp-block-gallery-is-layout-flex\"><ul class=\"blocks-gallery-grid\"><li class=\"blocks-gallery-item\"><figure><img decoding=\"async\" src=\"https:\/\/www.omio.es\/window-seat\/wp-content\/uploads\/2022\/04\/seville2_l.jpg\" alt=\"\" data-id=\"2884\" data-full-url=\"https:\/\/www.omio.es\/window-seat\/wp-content\/uploads\/2022\/04\/seville2_l.jpg\" data-link=\"https:\/\/www.omio.es\/window-seat\/seville2_l\/\" class=\"wp-image-2884\"\/><figcaption class=\"blocks-gallery-item__caption\">En el restaurante La Azotea le dan un toque moderno a las tapas m\u00e1s cl\u00e1sicas. <br>Foto: La Azotea<\/figcaption><\/figure><\/li><li class=\"blocks-gallery-item\"><figure><img decoding=\"async\" src=\"https:\/\/www.omio.es\/window-seat\/wp-content\/uploads\/2022\/04\/seville3_r.jpg\" alt=\"\" data-id=\"2878\" data-full-url=\"https:\/\/www.omio.es\/window-seat\/wp-content\/uploads\/2022\/04\/seville3_r.jpg\" data-link=\"https:\/\/www.omio.es\/window-seat\/seville3_r\/\" class=\"wp-image-2883\"\/><figcaption class=\"blocks-gallery-item__caption\">A pesar de su antig\u00fcedad, El Rinconcillo es un verdadero templo de las tapas. <br>Foto: El Rinconcillo<\/figcaption><\/figure><\/li><\/ul><\/figure>\n\n\n\n<h3 class=\"wp-block-heading\"><b>Qu\u00e9 hacer<\/b><\/h3>\n\n\n\n<figure class=\"wp-block-image size-full\"><img decoding=\"async\" src=\"https:\/\/www.omio.es\/window-seat\/wp-content\/uploads\/2022\/04\/seville4-scaled.jpg\" alt=\"\" class=\"wp-image-2877\"\/><figcaption>El recuerdo de los tejados g\u00f3ticos sevillanos permanecer\u00e1 para siempre en tu memoria. <br>Foto: Henrique Ferreira\/Unsplash<\/figcaption><\/figure>\n\n\n\n<p>Sevilla tiene un amplio y bien conservado centro hist\u00f3rico que no te puedes perder, y Santa Cruz es la parte m\u00e1s pintoresca de toda la ciudad. Es f\u00e1cil pasar una tarde recorriendo las sinuosas callejuelas medievales de este encantador barrio. Explora las calles rodeadas de palacios barrocos, antiguas iglesias y casas encaladas adornadas con geranios, que se abren a animadas plazas con naranjos y caf\u00e9s en las aceras.<\/p>\n\n\n\n<p>En Santa Cruz se encuentran los tres monumentos m\u00e1s importantes de la ciudad, lugares hist\u00f3ricos que deber\u00edan estar en cualquier lista de sitios que no te debes perder. El deslumbrante Real Alc\u00e1zar es uno de los ejemplos m\u00e1s notables de la arquitectura mud\u00e9jar andaluza, que combina influencias musulmanas y cristianas, y cuenta con arcos ornamentados, exquisita azulejer\u00eda y encantadores jardines que quiz\u00e1s te suenan como escenario de Los Jardines del Agua de Dorne en &#8220;Juego de Tronos&#8221;. Los aposentos reales siguen siendo la residencia oficial del rey de Espa\u00f1a, Felipe VI y su familia, cuando visitan la ciudad, lo que lo convierte en el palacio real m\u00e1s antiguo que sigue en uso en Europa.<\/p>\n\n\n\n<p>Junto al Alc\u00e1zar se encuentra la Catedral de Sevilla, la mayor catedral g\u00f3tica del mundo y construida sobre una gran mezquita en el siglo XV. Lo que era el alminar forma ahora el campanario de la Giralda, al que se puede subir para disfrutar de unas vistas incre\u00edbles de los tejados de la ciudad. En lugar de escaleras, subir\u00e1s por una serie de rampas, dise\u00f1adas para que los caballos pudieran subir al minarete para la llamada a la oraci\u00f3n.&nbsp;<\/p>\n\n\n\n<p>La atracci\u00f3n m\u00e1s popular de la catedral es la tumba de m\u00e1rmol del explorador italiano Crist\u00f3bal Col\u00f3n, cuyos viajes al \u201cNuevo Mundo\u201d fueron patrocinados por los reyes Fernando II e Isabel I, aunque sigue habiendo controversia sobre si sus restos se encuentran aqu\u00ed o en la Rep\u00fablica Dominicana. Se dice que el deslumbrante retablo principal de la Catedral, tallado a mano en madera por el artista flamenco Pieter Dancart y cubierto de abundantes cantidades de oro, es el m\u00e1s grande del mundo y le llev\u00f3 toda una vida crearlo. Tambi\u00e9n hay magn\u00edficas pinturas de Francisco de Zurbar\u00e1n, Bartolom\u00e9 Esteban Murillo y Francisco Goya. Aseg\u00farate de comprar las entradas con antelaci\u00f3n tanto para el Alc\u00e1zar como para la Catedral, ya que las colas para entrar pueden ser muy largas, especialmente en verano.<\/p>\n\n\n\n<p>A menos de 20 minutos del Alc\u00e1zar se encuentra el Parque de Mar\u00eda Luisa. Dise\u00f1ado por el paisajista franc\u00e9s Forestier para la Expo de 1929, este vasto parque ribere\u00f1o es perfecto como respiro durante las horas de m\u00e1s calor y cuenta con senderos sombreados, jardines bot\u00e1nicos y fuentes ornamentales. La pieza central es, sin duda, la Plaza de Espa\u00f1a, tambi\u00e9n creada para la Expo en un flamante estilo renacentista y neomorisco. Las alcobas a lo largo de la columnata semicircular presentan mapas de azulejos y escenas hist\u00f3ricas de cada una de las 48 provincias de Espa\u00f1a y los puentes de estilo veneciano sobre un canal representan los antiguos reinos de Espa\u00f1a (Castilla, Le\u00f3n, Navarra y Arag\u00f3n).<\/p>\n\n\n\n<p>El futurista Metropol Parasol se ha convertido en uno de los iconos de la ciudad desde que se termin\u00f3 de construir en 2011. Esta estructura contempor\u00e1nea, formada por seis paraguas interconectados construidos con una celos\u00eda de madera, cuenta con sinuosas pasarelas que ofrecen vistas panor\u00e1micas de la ciudad y un fabuloso mercado de alimentaci\u00f3n, el Mercado de la Encarnaci\u00f3n, a sus pies. En el s\u00f3tano, en el Museo del Antiquarium se exponen mosaicos, cer\u00e1micas y restos de casas que datan de la \u00e9poca romana de Sevilla y del periodo \u00e1rabe tard\u00edo y que se descubrieron cuando se construyeron Las Setas.<\/p>\n\n\n\n<p>Para conocer la historia viva de Sevilla, vete a un espect\u00e1culo de flamenco. Una forma de ver una actuaci\u00f3n profesional es acudir a un tablao, un espect\u00e1culo coreografiado y de estilo teatral que suele ir acompa\u00f1ado de una cena. El Palacio Andaluz, que se traslad\u00f3 a una nueva ubicaci\u00f3n en la Isla de la Cartuja a finales de 2019, acoge dos espect\u00e1culos nocturnos.<\/p>\n\n\n\n<p>Una experiencia m\u00e1s \u00edntima la puedes encontrar en la Casa de la Memoria, un centro cultural situado en un palacio del siglo XV que acoge actuaciones nocturnas en un patio central. A\u00fan m\u00e1s aut\u00e9ntico es asistir a un espect\u00e1culo espont\u00e1neo en un bar de flamenco. Puedes tener suerte y encontrarte con una actuaci\u00f3n nocturna en uno de los bares de Triana, el antiguo barrio gitano. Casa Anselma (calle Pag\u00e9s del Corro 49) es una apuesta segura: la propietaria es una conocida artista flamenca y la mayor\u00eda de las noches hay actuaciones en su local. La entrada es gratuita siempre que se pidan bebidas, pero hay que tener en cuenta que las actuaciones suelen ser a partir de la medianoche.<\/p>\n\n\n\n<p>Si haces coincidir tu visita a Sevilla con la Feria de Abril, que suele comenzar dos semanas despu\u00e9s de la Semana Santa, te espera mucha diversi\u00f3n. La fiesta comienza oficialmente el lunes por la noche, cuando el alcalde de la ciudad enciende las luces. A partir del martes, un desfile de carros de caballos a mediod\u00eda se dirige a la plaza de toros de la Real Maestranza, donde se celebran corridas cada tarde. Los lugare\u00f1os se visten con trajes tradicionales (las mujeres con trajes de flamenca, los hombres con chaquetas cortas, pantalones ajustados y botas) y bailan sevillanas. Por la noche, los festejos tienen lugar en la calle y m\u00e1s tarde en las casetas, carpas levantadas en un amplio recinto ferial a orillas del r\u00edo Guadalquivir. Aunque la mayor\u00eda de las casetas son privadas y solo se puede asistir con invitaci\u00f3n, algunas son p\u00fablicas; puedes pedir informaci\u00f3n en la entrada. La Feria de Abril termina el domingo a medianoche con un espectacular espect\u00e1culo de fuegos artificiales sobre el r\u00edo.<\/p>\n\n\n\n<p>Si solo tienes tiempo para un museo, vete al Museo de Bellas Artes, que cuenta con obras desde la \u00e9poca medieval hasta principios del siglo XX y est\u00e1 considerado como la segunda colecci\u00f3n de arte m\u00e1s importante del pa\u00eds despu\u00e9s del Prado de Madrid. El edificio se encuentra en un antiguo convento del siglo XVI que es casi tan exquisito como las obras de arte que alberga. Entre ellas se encuentra una destacada colecci\u00f3n de pintura barroca sevillana del siglo XVII (que incluye obras maestras de Bartolom\u00e9 Esteban Murillo, Diego Vel\u00e1zquez y El Greco, y pinturas religiosas de Francisco de Zurbar\u00e1n), as\u00ed como esculturas, cer\u00e1mica y mobiliario.<\/p>\n\n\n\n<p>Los caracter\u00edsticos azulejos de Sevilla se produc\u00edan tradicionalmente en Triana, un barrio conocido por su importancia cultural en la m\u00fasica y el baile. Ubicado en lo que fue una antigua f\u00e1brica de azulejos, el Centro Cer\u00e1mico Triana muestra una serie de antiguos hornos de ladrillo y recorre la historia de la fabricaci\u00f3n y las t\u00e9cnicas de la cer\u00e1mica local. Se exponen ejemplos exquisitos que datan desde la \u00e9poca \u00e1rabe hasta la d\u00e9cada de 1950, y tambi\u00e9n hay una exposici\u00f3n permanente sobre barrio. La tienda contigua, Cer\u00e1mica Santa Ana, es un buen lugar para comprar un recuerdo de calidad de un taller de cer\u00e1mica local: los art\u00edculos van desde vajillas decorativas y murales de azulejos hasta crucifijos y figuritas.<\/p>\n\n\n\n<figure class=\"wp-block-gallery has-nested-images columns-default is-cropped wp-block-gallery-2 is-layout-flex wp-block-gallery-is-layout-flex\">\n<figure class=\"wp-block-image size-large\"><img decoding=\"async\" data-id=\"2866\" src=\"https:\/\/www.omio.es\/window-seat\/wp-content\/uploads\/2022\/04\/seville5_tl-scaled.jpg\" alt=\"\" class=\"wp-image-2866\"\/><figcaption>Visitar el Real Alc\u00e1zar es como estar dentro de un sue\u00f1o. <br>Foto: Unsplash<\/figcaption><\/figure>\n\n\n\n<figure class=\"wp-block-image size-large\"><img decoding=\"async\" data-id=\"2860\" src=\"https:\/\/www.omio.es\/window-seat\/wp-content\/uploads\/2022\/04\/seville6_tr-scaled.jpg\" alt=\"\" class=\"wp-image-2860\"\/><figcaption>Si hay algo que se toma en serio en Sevilla es el flamenco. <br>Foto: Nick Karvounis\/Unsplash<\/figcaption><\/figure>\n<\/figure>\n\n\n\n<figure class=\"wp-block-gallery has-nested-images columns-default is-cropped wp-block-gallery-3 is-layout-flex wp-block-gallery-is-layout-flex\">\n<figure class=\"wp-block-image size-large\"><img decoding=\"async\" data-id=\"2854\" src=\"https:\/\/www.omio.es\/window-seat\/wp-content\/uploads\/2022\/04\/seville7_br.jpg\" alt=\"\" class=\"wp-image-2854\"\/><figcaption>La Catedral de Sevilla y su impresionante estructura supone uno de los mayores atractivos de la ciudad. <br>Foto: David Groves\/Unsplash<\/figcaption><\/figure>\n\n\n\n<figure class=\"wp-block-image size-large\"><img decoding=\"async\" data-id=\"2848\" src=\"https:\/\/www.omio.es\/window-seat\/wp-content\/uploads\/2022\/04\/seville8_br-scaled.jpg\" alt=\"\" class=\"wp-image-2848\"\/><figcaption>Los Ba\u00f1os de Mar\u00eda Padilla, dentro del Alc\u00e1zar, son una parada obligatoria. <br>Foto: Unsplash<\/figcaption><\/figure>\n<\/figure>\n\n\n\n<h3 class=\"wp-block-heading\"><b>D\u00f3nde dormir<\/b><\/h3>\n\n\n\n<h4 class=\"wp-block-heading\"><b><a href=\"https:\/\/sp.booking.com\/hotel\/es\/amadeus-sevilla.html?aid=1500264&amp;label=goeu_DE_Berlin_ES_Seville_ow_1_0_1_id0_mag_com_en_EUR_Other_x_other_200903_376217_378797\" target=\"_blank\" rel=\"noreferrer noopener\">Hotel Amadeus &amp; La M\u00fasica<\/a><\/b><\/h4>\n\n\n\n<p><span style=\"font-weight: 400;\">Si te alojas en el barrio de Santa Cruz, tendr\u00e1s a mano los monumentos m\u00e1s destacados de Sevilla y los bares m\u00e1s famosos. El Hotel Amadeus &amp; La M\u00fasica es un establecimiento de tem\u00e1tica musical, que ocupa dos casas del siglo XVIII. Las habitaciones llevan el nombre de compositores reconocidos y una de ellas tiene incluso su propio piano. Puedes tomar algo en el bar de la terraza o relajarte en la ba\u00f1era de hidromasaje. El desayuno se sirve cada d\u00eda hasta la 13.00, por lo que tampoco tendr\u00e1s que madrugar demasiado.&nbsp;<\/span><\/p>\n\n\n\n<p><span style=\"font-weight: 400;\">Los barrios de Alameda y La Macarena est\u00e1n un poco m\u00e1s alejados del centro, a una media hora caminando de la Catedral, pero se han transformado en otra de las zonas de moda para alojarse <br>en Sevilla.&nbsp;<\/span><\/p>\n\n\n\n<figure class=\"wp-block-gallery has-nested-images columns-default is-cropped wp-block-gallery-4 is-layout-flex wp-block-gallery-is-layout-flex\">\n<figure class=\"wp-block-image size-large\"><img decoding=\"async\" data-id=\"2842\" src=\"https:\/\/www.omio.es\/window-seat\/wp-content\/uploads\/2022\/04\/seville9_l.jpg\" alt=\"\" class=\"wp-image-2842\"\/><figcaption>Cualquier mel\u00f3mano disfrutar\u00e1 de una estancia en el Hotel Amadeus &amp; La M\u00fasica. <br>Foto: Hotel Amadeus &amp; La Musica\/Booking.com<\/figcaption><\/figure>\n\n\n\n<figure class=\"wp-block-image size-large\"><img decoding=\"async\" data-id=\"2836\" src=\"https:\/\/www.omio.es\/window-seat\/wp-content\/uploads\/2022\/04\/seville10_r.jpg\" alt=\"\" class=\"wp-image-2836\"\/><figcaption>Alojarse en el Hotel Amadeus &amp; La M\u00fasica es simplemente una delicia. <br>Foto: Hotel Amadeus &amp; La Musica\/Booking.com<\/figcaption><\/figure>\n<\/figure>\n\n\n\n<h4 class=\"wp-block-heading\"><b><a href=\"https:\/\/sp.booking.com\/hotel\/es\/centuriaalcobarey.html?aid=1500264&amp;label=goeu_DE_Berlin_ES_Seville_ow_1_0_1_id0_mag_com_en_EUR_Other_x_other_200903_376217_378797\" target=\"_blank\" rel=\"noreferrer noopener\">Hotel Alcoba del Rey<\/a><\/b><\/h4>\n\n\n\n<p><span style=\"font-weight: 400;\">Este alojamiento se localiza junto a la Bas\u00edlica de la Macarena, un punto de referencia esencial para la Semana Santa sevillana. En su d\u00eda fue un palacio mud\u00e9jar y a\u00fan conserva parte de su encanto, con arcos de herradura, espejos adornados, azulejos y dormitorios coloridos, con camas con dosel. En la terraza de la azotea hay una ba\u00f1era de hidromasaje, mientras que el restaurante contiguo sirve unas tapas estupendas.&nbsp;<\/span><\/p>\n\n\n<div id=\"search-widget-overlay\" class=\"search-widget-overlay\">\r\n  <div class=\"search-widget-overlay__form\" data-search-widget-container>\r\n    <div class=\"search-widget-overlay__details\">\r\n      <button class=\"search-widget-overlay__close\" data-search-widget-close>\r\n        \u2715\r\n      <\/button>\r\n      <div class=\"search-widget-overlay__text\">\r\n        Sevilla      <\/div>\r\n    <\/div>\r\n\r\n  <\/div>\r\n<\/div>\r\n\r\n<div class=\"search-widget-cta\">\r\n  <button class=\"search-widget-cta__button\" data-search-widget-cta>\r\n    Billetes a Sevilla  <\/button>\r\n<\/div>\n\n\n<figure class=\"wp-block-gallery columns-2 is-cropped wp-block-gallery-5 is-layout-flex wp-block-gallery-is-layout-flex\"><ul class=\"blocks-gallery-grid\"><li class=\"blocks-gallery-item\"><figure><img decoding=\"async\" src=\"https:\/\/www.omio.es\/window-seat\/wp-content\/uploads\/2022\/04\/seville11_l.jpg\" alt=\"\" data-id=\"2830\" data-full-url=\"https:\/\/www.omio.es\/window-seat\/wp-content\/uploads\/2022\/04\/seville11_l.jpg\" data-link=\"https:\/\/www.omio.es\/window-seat\/seville11_l\/\" class=\"wp-image-2835\"\/><figcaption class=\"blocks-gallery-item__caption\">En el Hotel Alcoba del Rey entrar\u00e1s en contacto con el pasado \u00e1rabe de Sevilla. <br>Foto: Hotel Alcoba del Rey\/Booking.com<\/figcaption><\/figure><\/li><li class=\"blocks-gallery-item\"><figure><img decoding=\"async\" src=\"https:\/\/www.omio.es\/window-seat\/wp-content\/uploads\/2022\/04\/seville12_r.jpg\" alt=\"\" data-id=\"2824\" data-full-url=\"https:\/\/www.omio.es\/window-seat\/wp-content\/uploads\/2022\/04\/seville12_r.jpg\" data-link=\"https:\/\/www.omio.es\/window-seat\/seville12_r\/\" class=\"wp-image-2829\"\/><figcaption class=\"blocks-gallery-item__caption\">Disfruta de la noche en el animado bar del hotel. <br>Foto: Hotel Alcoba del Rey\/Booking.com<\/figcaption><\/figure><\/li><\/ul><\/figure>\n","protected":false},"excerpt":{"rendered":"<p>Descubre las tradiciones, la rica historia y las tapas m\u00e1s sabrosas de una de las grandes ciudades del<br \/>\nsur de Espa\u00f1a<\/p>\n","protected":false},"author":22,"featured_media":1946,"comment_status":"open","ping_status":"open","sticky":false,"template":"","format":"standard","meta":{"_acf_changed":false,"inline_featured_image":false,"footnotes":""},"categories":[2165],"tags":[],"position_ids":[],"class_list":["post-28524","post","type-post","status-publish","format-standard","has-post-thumbnail","hentry","category-espana","entry"],"acf":[],"yoast_head":"<!-- This site is optimized with the Yoast SEO plugin v24.9 - https:\/\/yoast.com\/wordpress\/plugins\/seo\/ -->\n<title>Qu\u00e9 ver en Sevilla (Gu\u00eda local de la ciudad) en 2026<\/title>\n<meta name=\"description\" content=\"Descubre Sevilla: qu\u00e9 hacer, d\u00f3nde comer y qu\u00e9 visitar. Explora la gu\u00eda local y m\u00e1s completa de la capital andaluza.\" \/>\n<meta name=\"robots\" content=\"index, follow, max-snippet:-1, max-image-preview:large, max-video-preview:-1\" \/>\n<link rel=\"canonical\" href=\"https:\/\/www.omio.es\/window-seat\/paises\/espana\/sevilla\/\" \/>\n<meta property=\"og:locale\" content=\"en_US\" \/>\n<meta property=\"og:type\" content=\"article\" \/>\n<meta property=\"og:title\" content=\"Qu\u00e9 ver en Sevilla (Gu\u00eda local de la ciudad) en 2026\" \/>\n<meta property=\"og:description\" content=\"Descubre Sevilla: qu\u00e9 hacer, d\u00f3nde comer y qu\u00e9 visitar. Explora la gu\u00eda local y m\u00e1s completa de la capital andaluza.\" \/>\n<meta property=\"og:url\" content=\"https:\/\/www.omio.es\/window-seat\/es\/paises\/espana\/sevilla\/\" \/>\n<meta property=\"og:site_name\" content=\"The Window Seat\" \/>\n<meta property=\"article:published_time\" content=\"2021-03-01T00:00:00+00:00\" \/>\n<meta property=\"article:modified_time\" content=\"2022-07-07T14:33:14+00:00\" \/>\n<meta property=\"og:image\" content=\"https:\/\/www.omio.es\/window-seat\/wp-content\/uploads\/2022\/04\/seville1-1-1024x683.png\" \/>\n\t<meta property=\"og:image:width\" content=\"1024\" \/>\n\t<meta property=\"og:image:height\" content=\"683\" \/>\n\t<meta property=\"og:image:type\" content=\"image\/png\" \/>\n<meta name=\"author\" content=\"Brandon Hartley\" \/>\n<meta name=\"twitter:card\" content=\"summary_large_image\" \/>\n<meta name=\"twitter:label1\" content=\"Written by\" \/>\n\t<meta name=\"twitter:data1\" content=\"Brandon Hartley\" \/>\n\t<meta name=\"twitter:label2\" content=\"Est. reading time\" \/>\n\t<meta name=\"twitter:data2\" content=\"12 minutes\" \/>\n<script type=\"application\/ld+json\" class=\"yoast-schema-graph\">{\"@context\":\"https:\/\/schema.org\",\"@graph\":[{\"@type\":\"WebPage\",\"@id\":\"https:\/\/www.omio.es\/window-seat\/es\/paises\/espana\/sevilla\/\",\"url\":\"https:\/\/www.omio.es\/window-seat\/es\/paises\/espana\/sevilla\/\",\"name\":\"Qu\u00e9 ver en Sevilla (Gu\u00eda local de la ciudad) en 2026\",\"isPartOf\":{\"@id\":\"https:\/\/www.omio.es\/window-seat\/#website\"},\"primaryImageOfPage\":{\"@id\":\"https:\/\/www.omio.es\/window-seat\/es\/paises\/espana\/sevilla\/#primaryimage\"},\"image\":{\"@id\":\"https:\/\/www.omio.es\/window-seat\/es\/paises\/espana\/sevilla\/#primaryimage\"},\"thumbnailUrl\":\"https:\/\/www.omio.es\/window-seat\/wp-content\/uploads\/2022\/04\/seville1-1.png\",\"datePublished\":\"2021-03-01T00:00:00+00:00\",\"dateModified\":\"2022-07-07T14:33:14+00:00\",\"author\":{\"@id\":\"https:\/\/www.omio.es\/window-seat\/#\/schema\/person\/9886d6446aec0c9bc9a243f0c74bcf9d\"},\"description\":\"Descubre Sevilla: qu\u00e9 hacer, d\u00f3nde comer y qu\u00e9 visitar. Explora la gu\u00eda local y m\u00e1s completa de la capital andaluza.\",\"breadcrumb\":{\"@id\":\"https:\/\/www.omio.es\/window-seat\/es\/paises\/espana\/sevilla\/#breadcrumb\"},\"inLanguage\":\"en-US\",\"potentialAction\":[{\"@type\":\"ReadAction\",\"target\":[\"https:\/\/www.omio.es\/window-seat\/es\/paises\/espana\/sevilla\/\"]}]},{\"@type\":\"ImageObject\",\"inLanguage\":\"en-US\",\"@id\":\"https:\/\/www.omio.es\/window-seat\/es\/paises\/espana\/sevilla\/#primaryimage\",\"url\":\"https:\/\/www.omio.es\/window-seat\/wp-content\/uploads\/2022\/04\/seville1-1.png\",\"contentUrl\":\"https:\/\/www.omio.es\/window-seat\/wp-content\/uploads\/2022\/04\/seville1-1.png\",\"width\":5923,\"height\":3949,\"caption\":\"A mix of history, culture, gastronomy and glorious weather, Seville has something for everyone. Credit: EyeEm\"},{\"@type\":\"BreadcrumbList\",\"@id\":\"https:\/\/www.omio.es\/window-seat\/es\/paises\/espana\/sevilla\/#breadcrumb\",\"itemListElement\":[{\"@type\":\"ListItem\",\"position\":1,\"name\":\"The Window Seat\",\"item\":\"https:\/\/www.omio.es\/window-seat\/\"},{\"@type\":\"ListItem\",\"position\":2,\"name\":\"Countries\",\"item\":\"https:\/\/www.omio.es\/window-seat\/countries\/\"},{\"@type\":\"ListItem\",\"position\":3,\"name\":\"Spain\",\"item\":\"https:\/\/www.omio.es\/window-seat\/countries\/spain\/\"},{\"@type\":\"ListItem\",\"position\":4,\"name\":\"Las mejores cosas que ver en Sevilla\"}]},{\"@type\":\"WebSite\",\"@id\":\"https:\/\/www.omio.es\/window-seat\/#website\",\"url\":\"https:\/\/www.omio.es\/window-seat\/\",\"name\":\"The Window Seat\",\"description\":\"\",\"potentialAction\":[{\"@type\":\"SearchAction\",\"target\":{\"@type\":\"EntryPoint\",\"urlTemplate\":\"https:\/\/www.omio.es\/window-seat\/?s={search_term_string}\"},\"query-input\":{\"@type\":\"PropertyValueSpecification\",\"valueRequired\":true,\"valueName\":\"search_term_string\"}}],\"inLanguage\":\"en-US\"},{\"@type\":\"Person\",\"@id\":\"https:\/\/www.omio.es\/window-seat\/#\/schema\/person\/9886d6446aec0c9bc9a243f0c74bcf9d\",\"name\":\"Brandon Hartley\",\"image\":{\"@type\":\"ImageObject\",\"inLanguage\":\"en-US\",\"@id\":\"https:\/\/www.omio.es\/window-seat\/#\/schema\/person\/image\/\",\"url\":\"https:\/\/secure.gravatar.com\/avatar\/19749f8ec24af272ed7a4d005a7df5536886e8ff3b4c9fd3c2ccb9d9ee0703e3?s=96&d=mm&r=g\",\"contentUrl\":\"https:\/\/secure.gravatar.com\/avatar\/19749f8ec24af272ed7a4d005a7df5536886e8ff3b4c9fd3c2ccb9d9ee0703e3?s=96&d=mm&r=g\",\"caption\":\"Brandon Hartley\"}}]}<\/script>\n<!-- \/ Yoast SEO plugin. -->","yoast_head_json":{"title":"Qu\u00e9 ver en Sevilla (Gu\u00eda local de la ciudad) en 2026","description":"Descubre Sevilla: qu\u00e9 hacer, d\u00f3nde comer y qu\u00e9 visitar. Explora la gu\u00eda local y m\u00e1s completa de la capital andaluza.","robots":{"index":"index","follow":"follow","max-snippet":"max-snippet:-1","max-image-preview":"max-image-preview:large","max-video-preview":"max-video-preview:-1"},"canonical":"https:\/\/www.omio.es\/window-seat\/paises\/espana\/sevilla\/","og_locale":"en_US","og_type":"article","og_title":"Qu\u00e9 ver en Sevilla (Gu\u00eda local de la ciudad) en 2026","og_description":"Descubre Sevilla: qu\u00e9 hacer, d\u00f3nde comer y qu\u00e9 visitar. Explora la gu\u00eda local y m\u00e1s completa de la capital andaluza.","og_url":"https:\/\/www.omio.es\/window-seat\/es\/paises\/espana\/sevilla\/","og_site_name":"The Window Seat","article_published_time":"2021-03-01T00:00:00+00:00","article_modified_time":"2022-07-07T14:33:14+00:00","og_image":[{"width":1024,"height":683,"url":"https:\/\/www.omio.es\/window-seat\/wp-content\/uploads\/2022\/04\/seville1-1-1024x683.png","type":"image\/png"}],"author":"Brandon Hartley","twitter_card":"summary_large_image","twitter_misc":{"Written by":"Brandon Hartley","Est. reading time":"12 minutes"},"schema":{"@context":"https:\/\/schema.org","@graph":[{"@type":"WebPage","@id":"https:\/\/www.omio.es\/window-seat\/es\/paises\/espana\/sevilla\/","url":"https:\/\/www.omio.es\/window-seat\/es\/paises\/espana\/sevilla\/","name":"Qu\u00e9 ver en Sevilla (Gu\u00eda local de la ciudad) en 2026","isPartOf":{"@id":"https:\/\/www.omio.es\/window-seat\/#website"},"primaryImageOfPage":{"@id":"https:\/\/www.omio.es\/window-seat\/es\/paises\/espana\/sevilla\/#primaryimage"},"image":{"@id":"https:\/\/www.omio.es\/window-seat\/es\/paises\/espana\/sevilla\/#primaryimage"},"thumbnailUrl":"https:\/\/www.omio.es\/window-seat\/wp-content\/uploads\/2022\/04\/seville1-1.png","datePublished":"2021-03-01T00:00:00+00:00","dateModified":"2022-07-07T14:33:14+00:00","author":{"@id":"https:\/\/www.omio.es\/window-seat\/#\/schema\/person\/9886d6446aec0c9bc9a243f0c74bcf9d"},"description":"Descubre Sevilla: qu\u00e9 hacer, d\u00f3nde comer y qu\u00e9 visitar. Explora la gu\u00eda local y m\u00e1s completa de la capital andaluza.","breadcrumb":{"@id":"https:\/\/www.omio.es\/window-seat\/es\/paises\/espana\/sevilla\/#breadcrumb"},"inLanguage":"en-US","potentialAction":[{"@type":"ReadAction","target":["https:\/\/www.omio.es\/window-seat\/es\/paises\/espana\/sevilla\/"]}]},{"@type":"ImageObject","inLanguage":"en-US","@id":"https:\/\/www.omio.es\/window-seat\/es\/paises\/espana\/sevilla\/#primaryimage","url":"https:\/\/www.omio.es\/window-seat\/wp-content\/uploads\/2022\/04\/seville1-1.png","contentUrl":"https:\/\/www.omio.es\/window-seat\/wp-content\/uploads\/2022\/04\/seville1-1.png","width":5923,"height":3949,"caption":"A mix of history, culture, gastronomy and glorious weather, Seville has something for everyone. Credit: EyeEm"},{"@type":"BreadcrumbList","@id":"https:\/\/www.omio.es\/window-seat\/es\/paises\/espana\/sevilla\/#breadcrumb","itemListElement":[{"@type":"ListItem","position":1,"name":"The Window Seat","item":"https:\/\/www.omio.es\/window-seat\/"},{"@type":"ListItem","position":2,"name":"Countries","item":"https:\/\/www.omio.es\/window-seat\/countries\/"},{"@type":"ListItem","position":3,"name":"Spain","item":"https:\/\/www.omio.es\/window-seat\/countries\/spain\/"},{"@type":"ListItem","position":4,"name":"Las mejores cosas que ver en Sevilla"}]},{"@type":"WebSite","@id":"https:\/\/www.omio.es\/window-seat\/#website","url":"https:\/\/www.omio.es\/window-seat\/","name":"The Window Seat","description":"","potentialAction":[{"@type":"SearchAction","target":{"@type":"EntryPoint","urlTemplate":"https:\/\/www.omio.es\/window-seat\/?s={search_term_string}"},"query-input":{"@type":"PropertyValueSpecification","valueRequired":true,"valueName":"search_term_string"}}],"inLanguage":"en-US"},{"@type":"Person","@id":"https:\/\/www.omio.es\/window-seat\/#\/schema\/person\/9886d6446aec0c9bc9a243f0c74bcf9d","name":"Brandon Hartley","image":{"@type":"ImageObject","inLanguage":"en-US","@id":"https:\/\/www.omio.es\/window-seat\/#\/schema\/person\/image\/","url":"https:\/\/secure.gravatar.com\/avatar\/19749f8ec24af272ed7a4d005a7df5536886e8ff3b4c9fd3c2ccb9d9ee0703e3?s=96&d=mm&r=g","contentUrl":"https:\/\/secure.gravatar.com\/avatar\/19749f8ec24af272ed7a4d005a7df5536886e8ff3b4c9fd3c2ccb9d9ee0703e3?s=96&d=mm&r=g","caption":"Brandon Hartley"}}]}},"_links":{"self":[{"href":"https:\/\/www.omio.es\/window-seat\/wp-json\/wp\/v2\/posts\/28524","targetHints":{"allow":["GET"]}}],"collection":[{"href":"https:\/\/www.omio.es\/window-seat\/wp-json\/wp\/v2\/posts"}],"about":[{"href":"https:\/\/www.omio.es\/window-seat\/wp-json\/wp\/v2\/types\/post"}],"author":[{"embeddable":true,"href":"https:\/\/www.omio.es\/window-seat\/wp-json\/wp\/v2\/users\/22"}],"replies":[{"embeddable":true,"href":"https:\/\/www.omio.es\/window-seat\/wp-json\/wp\/v2\/comments?post=28524"}],"version-history":[{"count":6,"href":"https:\/\/www.omio.es\/window-seat\/wp-json\/wp\/v2\/posts\/28524\/revisions"}],"predecessor-version":[{"id":40177,"href":"https:\/\/www.omio.es\/window-seat\/wp-json\/wp\/v2\/posts\/28524\/revisions\/40177"}],"wp:featuredmedia":[{"embeddable":true,"href":"https:\/\/www.omio.es\/window-seat\/wp-json\/wp\/v2\/media\/1946"}],"wp:attachment":[{"href":"https:\/\/www.omio.es\/window-seat\/wp-json\/wp\/v2\/media?parent=28524"}],"wp:term":[{"taxonomy":"category","embeddable":true,"href":"https:\/\/www.omio.es\/window-seat\/wp-json\/wp\/v2\/categories?post=28524"},{"taxonomy":"post_tag","embeddable":true,"href":"https:\/\/www.omio.es\/window-seat\/wp-json\/wp\/v2\/tags?post=28524"},{"taxonomy":"position_id","embeddable":true,"href":"https:\/\/www.omio.es\/window-seat\/wp-json\/wp\/v2\/position_ids?post=28524"}],"curies":[{"name":"wp","href":"https:\/\/api.w.org\/{rel}","templated":true}]}}