{"id":28628,"date":"2021-02-01T00:00:00","date_gmt":"2021-02-01T00:00:00","guid":{"rendered":"http:\/\/www.omio.es\/window-seat\/sin-categorizar\/spas-historicos-en-europa"},"modified":"2022-08-04T09:26:00","modified_gmt":"2022-08-04T09:26:00","slug":"spas-historicos-en-europa","status":"publish","type":"post","link":"https:\/\/www.omio.es\/window-seat\/es\/cultura-lifestyle\/spas-historicos-en-europa\/","title":{"rendered":"Spas hist\u00f3ricos en Europa"},"content":{"rendered":"\n<p>El 2020 ser\u00e1 recordado para siempre como el a\u00f1o del COVID. Sin duda, las tensiones del a\u00f1o pasado superaron con creces sus alegr\u00edas. Nuestro bienestar f\u00edsico y mental estuvieron a prueba de maneras que nunca podr\u00edamos haber imaginado.&nbsp;<\/p>\n\n\n\n<p>Mientras la pandemia sigue a tope, las vacunas y la relajaci\u00f3n de algunas restricciones han supuesto para todos un peque\u00f1o alivio. A\u00fan as\u00ed, necesitaremos refrescarnos y cuando los viajes vuelvan a <br>la normalidad.<\/p>\n\n\n\n<p>Los spas abundan en muchos lugares. Un spa diurno es un buen regalo cuando se trabaja durante largas horas, pero para disfrutar en serio, visita una de estas cinco ciudades hist\u00f3ricas, miembros de los Grandes Balnearios de Europa de la UNESCO. Aunque la lista oficial de la UNESCO es de 15, la hemos reducido a nuestras favoritas.<\/p>\n\n\n\n<h3 class=\"wp-block-heading\"><strong>Baden-Baden, Alemania<\/strong><\/h3>\n\n\n\n<figure class=\"wp-block-image size-full\"><img decoding=\"async\" src=\"https:\/\/www.omio.es\/window-seat\/wp-content\/uploads\/2022\/04\/2_Baden_Baden_Fullbleed_shutterstock_275587118-scaled.jpg\" alt=\"\" class=\"wp-image-17520\"\/><figcaption>Baden-Baden, en la Selva Negra, ha sido durante mucho tiempo un refugio de bienestar. <br>Foto: Shutterstock<\/figcaption><\/figure>\n\n\n\n<p>Situado en la Selva Negra, <a href=\"https:\/\/www.omio.es\/viajes\/baden-baden?utm_source=omio-magazine&amp;utm_medium=magazine&amp;utm_campaign=February&amp;utm_content=SpaTowns&amp;utm_term=ES_ViajesBadenBaden\" target=\"_blank\" rel=\"noreferrer noopener\">Baden-Baden<\/a> ha sido durante mucho tiempo sin\u00f3nimo de balneario. Los romanos se establecieron en la ciudad en el a\u00f1o 80 D.C., trayendo consigo sus tradiciones termales. Pero no fue hasta el siglo XIX que los europeos adinerados se dirigieron aqu\u00ed para tomar las aguas medicinales. Haz un recorrido por los ba\u00f1os romanos en R\u00f6merplatz o visita el casino Tony en el hist\u00f3rico Kurhaus.\u00a0<\/p>\n\n\n<div id=\"search-widget-overlay\" class=\"search-widget-overlay\">\r\n  <div class=\"search-widget-overlay__form\" data-search-widget-container>\r\n    <div class=\"search-widget-overlay__details\">\r\n      <button class=\"search-widget-overlay__close\" data-search-widget-close>\r\n        \u2715\r\n      <\/button>\r\n      <div class=\"search-widget-overlay__text\">\r\n        Baden-Baden      <\/div>\r\n    <\/div>\r\n\r\n  <\/div>\r\n<\/div>\r\n\r\n<div class=\"search-widget-cta\">\r\n  <button class=\"search-widget-cta__button\" data-search-widget-cta>\r\n    Billetes a Baden-Baden  <\/button>\r\n<\/div>\n\n\n<p>Verde y resplandeciente con jardines y rutas de senderismo, Baden-Baden ofrece un respiro del ajetreo de la gran ciudad, especialmente en temporada baja. Visita el balneario de Caracalla para ba\u00f1arte en las piscinas cubiertas y al aire libre del manantial de Friedrichsstolle o reg\u00e1late un masaje. No querr\u00e1s irte nunca.&nbsp;&nbsp;<\/p>\n\n\n\n<p><strong>D\u00f3nde quedarse: Atlantic Park Hotel<\/strong><br>Este hist\u00f3rico hotel est\u00e1 situado a orillas del r\u00edo Oos y ofrece vistas al parque, as\u00ed como 53 habitaciones y suites en cuatro plantas decoradas con mobiliario tradicional.<\/p>\n\n\n\n<figure class=\"wp-block-gallery columns-2 is-cropped wp-block-gallery-1 is-layout-flex wp-block-gallery-is-layout-flex\"><ul class=\"blocks-gallery-grid\"><li class=\"blocks-gallery-item\"><figure><img decoding=\"async\" src=\"https:\/\/www.omio.es\/window-seat\/wp-content\/uploads\/2022\/04\/5_EditorialOnly_Baden_Baden_Caracalla_shutterstock_1820978303.jpg\" alt=\"\" data-id=\"17527\" data-link=\"https:\/\/www.omio.es\/window-seat\/?attachment_id=17527\" class=\"wp-image-17527\"\/><figcaption class=\"blocks-gallery-item__caption\">El spa de Caracalla cuenta con piscinas interiores y exteriores. <br>Foto: Shutterstock<\/figcaption><\/figure><\/li><li class=\"blocks-gallery-item\"><figure><img decoding=\"async\" src=\"https:\/\/www.omio.es\/window-seat\/wp-content\/uploads\/2022\/04\/4_Baden_Badenshutterstock_78532423-scaled.jpg\" alt=\"\" data-id=\"17533\" data-full-url=\"https:\/\/www.omio.es\/window-seat\/wp-content\/uploads\/2022\/04\/4_Baden_Badenshutterstock_78532423-scaled.jpg\" data-link=\"https:\/\/www.omio.es\/window-seat\/?attachment_id=17533\" class=\"wp-image-17533\"\/><figcaption class=\"blocks-gallery-item__caption\">La pintoresca ciudad es el tel\u00f3n de fondo ideal para relajarse. <br>Foto: Shutterstock<\/figcaption><\/figure><\/li><\/ul><\/figure>\n\n\n\n<p><strong>Luha\u010dovice, Rep\u00fablica Checa<\/strong><br>Mientras que Karlovy Vary se lleva la fama, <a href=\"https:\/\/www.omio.es\/viajes\/republica-checa?utm_source=omio-magazine&amp;utm_medium=magazine&amp;utm_campaign=February&amp;utm_content=SpaTowns&amp;utm_term=ES_ViajesRepublicaCheca\" target=\"_blank\" rel=\"noreferrer noopener\">Luha\u010dovice<\/a>, con sus 14 manantiales minerales, es la verdadera joya de la Rep\u00fablica Checa. Situado en la frontera con Eslovaquia, en los C\u00e1rpatos, Luha\u010dovice tiene s\u00f3lo 6.000 habitantes y es una ciudad muy tranquila con una historia que se remonta a mediados del siglo XVII, cuando la familia Serenyi descubri\u00f3 una forma de aprovechar los poderes restauradores de los manantiales naturales de la zona.\u00a0<\/p>\n\n\n<div id=\"search-widget-overlay\" class=\"search-widget-overlay\">\r\n  <div class=\"search-widget-overlay__form\" data-search-widget-container>\r\n    <div class=\"search-widget-overlay__details\">\r\n      <button class=\"search-widget-overlay__close\" data-search-widget-close>\r\n        \u2715\r\n      <\/button>\r\n      <div class=\"search-widget-overlay__text\">\r\n        Luha\u010dovice      <\/div>\r\n    <\/div>\r\n\r\n  <\/div>\r\n<\/div>\r\n\r\n<div class=\"search-widget-cta\">\r\n  <button class=\"search-widget-cta__button\" data-search-widget-cta>\r\n    Billetes a Luha\u010dovice  <\/button>\r\n<\/div>\n\n\n<p>Vete a L\u00e1ze\u0148sk\u00e9 n\u00e1m\u011bst\u00ed (Plaza del Balneario) y admira la arquitectura del Duque Jurkovi\u010d. Este contribuy\u00f3 a dar a la ciudad su aspecto de cuento de hadas con su trabajo en Slune\u010dn\u00ed l\u00e1zn\u011b y Vodol\u00e9\u010debn\u00e9ho \u00fastavu. Rel\u00e1jate con una estancia de una semana, aprobada por los m\u00e9dicos, en la que podr\u00e1s beber de una variedad de manantiales que dicen tratar enfermedades respiratorias, musculoesquel\u00e9ticas, digestivas y circulatorias.<\/p>\n\n\n\n<figure class=\"wp-block-gallery columns-2 wp-block-gallery-2 is-layout-flex wp-block-gallery-is-layout-flex\"><ul class=\"blocks-gallery-grid\"><li class=\"blocks-gallery-item\"><figure><img decoding=\"async\" src=\"https:\/\/www.omio.es\/window-seat\/wp-content\/uploads\/2022\/04\/6_Luhacovice_shutterstock_77339056-scaled.jpg\" alt=\"\" data-id=\"17541\" data-link=\"https:\/\/www.omio.es\/window-seat\/?attachment_id=17541\" class=\"wp-image-17541\"\/><figcaption class=\"blocks-gallery-item__caption\">Los turistas pueden beber de 14 fuentes minerales diferentes en Luha\u010dovice. <br>Foto: Shutterstock<\/figcaption><\/figure><\/li><li class=\"blocks-gallery-item\"><figure><img decoding=\"async\" src=\"https:\/\/www.omio.es\/window-seat\/wp-content\/uploads\/2022\/04\/7_Luhacovice_Jurkovic_House_Architect_shutterstock_1148336903-scaled.jpg\" alt=\"\" data-id=\"17547\" data-full-url=\"https:\/\/www.omio.es\/window-seat\/wp-content\/uploads\/2022\/04\/7_Luhacovice_Jurkovic_House_Architect_shutterstock_1148336903-scaled.jpg\" data-link=\"https:\/\/www.omio.es\/window-seat\/?attachment_id=17547\" class=\"wp-image-17547\"\/><figcaption class=\"blocks-gallery-item__caption\">La ciudad cuenta con edificios de cuento de hadas dise\u00f1ados por el arquitecto Dussan Jurkovi\u010d. <br>Foto: Shutterstock<\/figcaption><\/figure><\/li><\/ul><\/figure>\n\n\n\n<p><strong>Montecatini Terme, Italia<\/strong><br>Los italianos fueron unos de los primeros en reconocer los poderes curativos de los manantiales, por lo que no es de extra\u00f1ar que la ciudad toscana de <a href=\"https:\/\/www.omio.es\/viajes\/montecatini-terme?utm_source=omio-magazine&amp;utm_medium=magazine&amp;utm_campaign=February&amp;utm_content=SpaTowns&amp;utm_term=ES_ViajesMontecatiniTerme\" target=\"_blank\" rel=\"noreferrer noopener\">Montecatini Terme<\/a> sea una de las m\u00e1s populares del continente. Los romanos construyeron ba\u00f1os aqu\u00ed, pero fue el Gran Duque Pietro Leopoldo de Lorena quien consolid\u00f3 los manantiales en el siglo XVIII, construyendo el Bagno Regio (Ba\u00f1o Imperial) y las Terme Leopoldine (Ba\u00f1os de Leopoldo), entre otras estructuras.<\/p>\n\n\n<div id=\"search-widget-overlay\" class=\"search-widget-overlay\">\r\n  <div class=\"search-widget-overlay__form\" data-search-widget-container>\r\n    <div class=\"search-widget-overlay__details\">\r\n      <button class=\"search-widget-overlay__close\" data-search-widget-close>\r\n        \u2715\r\n      <\/button>\r\n      <div class=\"search-widget-overlay__text\">\r\n        Montecatini Terme      <\/div>\r\n    <\/div>\r\n\r\n  <\/div>\r\n<\/div>\r\n\r\n<div class=\"search-widget-cta\">\r\n  <button class=\"search-widget-cta__button\" data-search-widget-cta>\r\n    Billetes a Montecatini Terme  <\/button>\r\n<\/div>\n\n\n<p>Pasa por debajo de las avenidas arboladas y toma el antiguo funicular de Viale Verdi a Piazza Giusti para admirar los montes Apeninos y el Valle de Nievole. Visita el complejo de Tettuccio Terme para maravillarte con sus elaborados frescos y obras maestras del <em>art nouveau<\/em> mientras bebes de los altares de m\u00e1rmol que brotan con el agua de los cuatro manantiales principales de la ciudad.&nbsp;<\/p>\n\n\n\n<p><strong>D\u00f3nde quedarse: Hotel Adua &amp; Regina di Saba&nbsp;<\/strong><br>Este refugio con un spa y piscinas durante todo el a\u00f1o, cuenta con coloridos interiores, habitaciones y suites con ba\u00f1os de spa y modernas comodidades.<\/p>\n\n\n\n<figure class=\"wp-block-gallery columns-1 is-cropped wp-block-gallery-3 is-layout-flex wp-block-gallery-is-layout-flex\"><ul class=\"blocks-gallery-grid\"><li class=\"blocks-gallery-item\"><figure><img decoding=\"async\" src=\"https:\/\/www.omio.es\/window-seat\/wp-content\/uploads\/2022\/04\/8_Montecatini_Terme_eyeem-100033628-130431706-2-scaled.jpg\" alt=\"\" data-id=\"17554\" data-full-url=\"https:\/\/www.omio.es\/window-seat\/wp-content\/uploads\/2022\/04\/8_Montecatini_Terme_eyeem-100033628-130431706-2-scaled.jpg\" data-link=\"https:\/\/www.omio.es\/window-seat\/?attachment_id=17554\" class=\"wp-image-17554\"\/><figcaption class=\"blocks-gallery-item__caption\">Montecatini Terme, en la campi\u00f1a toscana. <br>Foto: EyeEm<\/figcaption><\/figure><\/li><\/ul><\/figure>\n\n\n\n<figure class=\"wp-block-gallery columns-2 is-cropped wp-block-gallery-4 is-layout-flex wp-block-gallery-is-layout-flex\"><ul class=\"blocks-gallery-grid\"><li class=\"blocks-gallery-item\"><figure><img decoding=\"async\" src=\"https:\/\/www.omio.es\/window-seat\/wp-content\/uploads\/2022\/04\/9_Montecatini_Terme_gulzada-bektemirova-_xw6eFdECY8-unsplash-scaled.jpg\" alt=\"\" data-id=\"17560\" data-link=\"https:\/\/www.omio.es\/window-seat\/?attachment_id=17560\" class=\"wp-image-17560\"\/><figcaption class=\"blocks-gallery-item__caption\">El Gran Duque Pietro Leopoldo de Lorena construy\u00f3 las Terme Leopoldine en el siglo XVIII. <br>Foto: Gulzada Bektemirova\/Unsplash<\/figcaption><\/figure><\/li><li class=\"blocks-gallery-item\"><figure><img decoding=\"async\" src=\"https:\/\/www.omio.es\/window-seat\/wp-content\/uploads\/2022\/04\/10_Montecatini_Terme_eyeem-100033628-143151775-scaled.jpg\" alt=\"\" data-id=\"17567\" data-full-url=\"https:\/\/www.omio.es\/window-seat\/wp-content\/uploads\/2022\/04\/10_Montecatini_Terme_eyeem-100033628-143151775-scaled.jpg\" data-link=\"https:\/\/www.omio.es\/window-seat\/?attachment_id=17567\" class=\"wp-image-17567\"\/><figcaption class=\"blocks-gallery-item__caption\">Las Terme Leopoldine siguen en funcionamiento hoy en d\u00eda. <br>Foto: EyeEm<\/figcaption><\/figure><\/li><\/ul><\/figure>\n\n\n\n<p><strong>Spa, B\u00e9lgica<\/strong><br>El nombre de esta ciudad lo dice todo. <a href=\"https:\/\/www.omio.es\/viajes\/spa?utm_source=omio-magazine&amp;utm_medium=magazine&amp;utm_campaign=February&amp;utm_content=SpaTowns&amp;utm_term=ES_ViajesSpa\" target=\"_blank\" rel=\"noreferrer noopener\">Spa<\/a> es un tranquilo refugio en las Ardenas, favorecido por los locales pero muy olvidado por los turistas. Eso puede cambiar este a\u00f1o, ya que el bienestar <br>es tendencia.\u00a0<\/p>\n\n\n<div id=\"search-widget-overlay\" class=\"search-widget-overlay\">\r\n  <div class=\"search-widget-overlay__form\" data-search-widget-container>\r\n    <div class=\"search-widget-overlay__details\">\r\n      <button class=\"search-widget-overlay__close\" data-search-widget-close>\r\n        \u2715\r\n      <\/button>\r\n      <div class=\"search-widget-overlay__text\">\r\n        Spa      <\/div>\r\n    <\/div>\r\n\r\n  <\/div>\r\n<\/div>\r\n\r\n<div class=\"search-widget-cta\">\r\n  <button class=\"search-widget-cta__button\" data-search-widget-cta>\r\n    Billetes a Spa  <\/button>\r\n<\/div>\n\n\n<p>Las ra\u00edces terap\u00e9uticas de la ciudad son, para variar, romanas. El fil\u00f3sofo Plinio el Viejo ya habl\u00f3 sobre sus aguas curativas en el siglo I a.C. La nobleza europea (gracias a Pedro el Grande) lleg\u00f3 inundando la ciudad de <em>art nouveau<\/em> en el siglo XVIII, pero su popularidad como centro tur\u00edstico disminuy\u00f3 en favor de Baden Baden y Vichy.&nbsp;<\/p>\n\n\n\n<p>Toma el funicular hasta el Spa Les Thermes, un moderno complejo con piscinas cubiertas y al aire libre, as\u00ed como saunas y salas de vapor. Sum\u00e9rgete en aguas ricas en hierro en una ba\u00f1era de cobre mientras admiras el verdor y la exuberancia del bosque val\u00f3n desde el mirador. Aqu\u00ed, el estr\u00e9s y la hipertensi\u00f3n se disuelven mientras la piel se rejuvenece.<\/p>\n\n\n\n<p><strong>D\u00f3nde quedarse: Manoir de L\u00e9bioles<\/strong><br>Este hotel que en su d\u00eda fue una lujosa mansi\u00f3n cuenta con una gran cantidad de lujos: desde un centro de bienestar hasta camas de cuatro postes y chimeneas en cada habitaci\u00f3n.&nbsp;<\/p>\n\n\n\n<figure class=\"wp-block-gallery columns-2 wp-block-gallery-5 is-layout-flex wp-block-gallery-is-layout-flex\"><ul class=\"blocks-gallery-grid\"><li class=\"blocks-gallery-item\"><figure><img decoding=\"async\" src=\"https:\/\/www.omio.es\/window-seat\/wp-content\/uploads\/2022\/04\/11_Thermes_de_Spa-scaled.jpg\" alt=\"\" data-id=\"17576\" data-link=\"https:\/\/www.omio.es\/window-seat\/?attachment_id=17576\" class=\"wp-image-17576\"\/><figcaption class=\"blocks-gallery-item__caption\">Les Thermes Spa es un moderno complejo situado en el bosque al que se puede llegar en funicular. <br>Foto: Les Thermes Spa<\/figcaption><\/figure><\/li><li class=\"blocks-gallery-item\"><figure><img decoding=\"async\" src=\"https:\/\/www.omio.es\/window-seat\/wp-content\/uploads\/2022\/04\/12_Thermes_de_Spa_2-scaled.jpg\" alt=\"\" data-id=\"17582\" data-full-url=\"https:\/\/www.omio.es\/window-seat\/wp-content\/uploads\/2022\/04\/12_Thermes_de_Spa_2-scaled.jpg\" data-link=\"https:\/\/www.omio.es\/window-seat\/?attachment_id=17582\" class=\"wp-image-17582\"\/><figcaption class=\"blocks-gallery-item__caption\">Puedes nadar en aguas ricas en hierro en el buc\u00f3lico balneario. <br>Foto: Les Thermes Spa<\/figcaption><\/figure><\/li><\/ul><\/figure>\n\n\n\n<p><strong>Vichy, Francia<\/strong><br><a href=\"https:\/\/www.omio.es\/trenes\/vichy?utm_source=omio-magazine&amp;utm_medium=magazine&amp;utm_campaign=February&amp;utm_content=SpaTowns&amp;utm_term=ES_TrenesVichy\" target=\"_blank\" rel=\"noreferrer noopener\">Vichy<\/a>, la \u201creina de las ciudades spa\u201d, evoca im\u00e1genes de bienestar: las duchas de Vichy son uno de los tratamientos m\u00e1s terap\u00e9uticos que hay. Los aficionados a la historia militar reconocer\u00e1n su importancia como sede del controvertido gobierno de Vichy en los a\u00f1os 30 y 40. A\u00fan as\u00ed, esta ciudad de Auvernia, a tres horas al sur de Par\u00eds, tiene profundas ra\u00edces en la industria del bienestar. Los romanos crearon una versi\u00f3n antigua de una sala de vapor y, en el siglo XVIII, el Dr. Jacques-Francois Chomel moderniz\u00f3 la pr\u00e1ctica. Un siglo despu\u00e9s, el emperador Luis Napole\u00f3n III decret\u00f3 que ser\u00eda la ciudad spa preeminente en Europa en un intento de superar a los alemanes.\u00a0<\/p>\n\n\n<div id=\"search-widget-overlay\" class=\"search-widget-overlay\">\r\n  <div class=\"search-widget-overlay__form\" data-search-widget-container>\r\n    <div class=\"search-widget-overlay__details\">\r\n      <button class=\"search-widget-overlay__close\" data-search-widget-close>\r\n        \u2715\r\n      <\/button>\r\n      <div class=\"search-widget-overlay__text\">\r\n        Vichy       <\/div>\r\n    <\/div>\r\n\r\n  <\/div>\r\n<\/div>\r\n\r\n<div class=\"search-widget-cta\">\r\n  <button class=\"search-widget-cta__button\" data-search-widget-cta>\r\n    Billetes a Vichy  <\/button>\r\n<\/div>\n\n\n<p>Comienza tu viaje en el Parc des Sources, un amplio espacio verde creado por Napole\u00f3n III. Pasea bajo los casta\u00f1os mientras admiras los edificios modernistas. En el hist\u00f3rico Halls des Source, una estructura de cristal y hierro construida en 1903, encontrar\u00e1s a la gente del lugar acudiendo en masa a beber de seis manantiales, todos ellos con propiedades terap\u00e9uticas. Disfruta tambi\u00e9n de otras curas, como las destinadas a aliviar los trastornos digestivos y circulatorios.&nbsp;<\/p>\n\n\n\n<p><strong>D\u00f3nde quedarse: H\u00f4tel de Grignan<\/strong><br>A pocos pasos de los ba\u00f1os termales, este lujoso hotel cuenta con un centro de bienestar, incluyendo un ham\u00e1n, as\u00ed como modernas habitaciones con muebles de piel y ba\u00f1os de spa.&nbsp;<\/p>\n\n\n\n<figure class=\"wp-block-gallery columns-2 is-cropped wp-block-gallery-6 is-layout-flex wp-block-gallery-is-layout-flex\"><ul class=\"blocks-gallery-grid\"><li class=\"blocks-gallery-item\"><figure><img decoding=\"async\" src=\"https:\/\/www.omio.es\/window-seat\/wp-content\/uploads\/2022\/04\/13_EditorialOnly_Vichy_Celestins_Source_Mineral_Water_shutterstock_1820210987-scaled.jpg\" alt=\"\" data-id=\"17590\" data-link=\"https:\/\/www.omio.es\/window-seat\/?attachment_id=17590\" class=\"wp-image-17590\"\/><figcaption class=\"blocks-gallery-item__caption\">Vichy es considerada la &#8220;reina de las ciudades spa&#8221; por su historia como refugio de la aristocracia europea. <br>Foto: Shutterstock<\/figcaption><\/figure><\/li><li class=\"blocks-gallery-item\"><figure><img decoding=\"async\" src=\"https:\/\/www.omio.es\/window-seat\/wp-content\/uploads\/2022\/04\/14_Vichy_Thermal_Pump_Room_shutterstock_711027667-scaled.jpg\" alt=\"\" data-id=\"17596\" data-full-url=\"https:\/\/www.omio.es\/window-seat\/wp-content\/uploads\/2022\/04\/14_Vichy_Thermal_Pump_Room_shutterstock_711027667-scaled.jpg\" data-link=\"https:\/\/www.omio.es\/window-seat\/?attachment_id=17596\" class=\"wp-image-17596\"\/><figcaption class=\"blocks-gallery-item__caption\">Los visitantes acuden en masa a la Halls des Source, una sala de bombas con aguas terap\u00e9uticas. <br>Foto: Shutterstock<\/figcaption><\/figure><\/li><\/ul><\/figure>\n","protected":false},"excerpt":{"rendered":"<p>El 2020 ser\u00e1 recordado para siempre como el a\u00f1o del COVID. Sin duda, las tensiones del a\u00f1o pasado superaron con creces sus alegr\u00edas. Nuestro bienestar f\u00edsico y mental estuvieron a prueba de maneras que nunca podr\u00edamos haber imaginado.&nbsp; Mientras la pandemia sigue a tope, las vacunas y la relajaci\u00f3n de algunas restricciones han supuesto para&hellip; <a class=\"more-link\" href=\"https:\/\/www.omio.es\/window-seat\/es\/cultura-lifestyle\/spas-historicos-en-europa\/\">Continue reading <span class=\"screen-reader-text\">Spas hist\u00f3ricos en Europa<\/span><\/a><\/p>\n","protected":false},"author":6,"featured_media":9832,"comment_status":"open","ping_status":"open","sticky":false,"template":"","format":"standard","meta":{"_acf_changed":false,"inline_featured_image":false,"footnotes":""},"categories":[1993,1989],"tags":[],"position_ids":[],"class_list":["post-28628","post","type-post","status-publish","format-standard","has-post-thumbnail","hentry","category-bienestar","category-cultura-lifestyle","entry"],"acf":[],"yoast_head":"<!-- This site is optimized with the Yoast SEO plugin v24.9 - https:\/\/yoast.com\/wordpress\/plugins\/seo\/ -->\n<title>El Balneario de Vichy y otros spas en Europa | Omio<\/title>\n<meta name=\"description\" content=\"Europa est\u00e1 repleta de termas hist\u00f3ricas y spas asequibles. Descubre el vecino Balneario de Vichy y otras opciones en Alemania, B\u00e9lgica y otros pa\u00edses europeos.\" \/>\n<meta name=\"robots\" content=\"index, follow, max-snippet:-1, max-image-preview:large, max-video-preview:-1\" \/>\n<link rel=\"canonical\" href=\"https:\/\/www.omio.es\/window-seat\/cultura-lifestyle\/spas-historicos-en-europa\/\" \/>\n<meta property=\"og:locale\" content=\"en_US\" \/>\n<meta property=\"og:type\" content=\"article\" \/>\n<meta property=\"og:title\" content=\"El Balneario de Vichy y otros spas en Europa | Omio\" \/>\n<meta property=\"og:description\" content=\"Europa est\u00e1 repleta de termas hist\u00f3ricas y spas asequibles. Descubre el vecino Balneario de Vichy y otras opciones en Alemania, B\u00e9lgica y otros pa\u00edses europeos.\" \/>\n<meta property=\"og:url\" content=\"https:\/\/www.omio.es\/window-seat\/es\/cultura-lifestyle\/spas-historicos-en-europa\/\" \/>\n<meta property=\"og:site_name\" content=\"The Window Seat\" \/>\n<meta property=\"article:published_time\" content=\"2021-02-01T00:00:00+00:00\" \/>\n<meta property=\"article:modified_time\" content=\"2022-08-04T09:26:00+00:00\" \/>\n<meta property=\"og:image\" content=\"https:\/\/www.omio.es\/window-seat\/wp-content\/uploads\/2022\/04\/1_Vichy_shutterstock_708187483-scaled.jpg\" \/>\n\t<meta property=\"og:image:width\" content=\"2560\" \/>\n\t<meta property=\"og:image:height\" content=\"1709\" \/>\n\t<meta property=\"og:image:type\" content=\"image\/jpeg\" \/>\n<meta name=\"author\" content=\"Shandana A. Durrani\" \/>\n<meta name=\"twitter:card\" content=\"summary_large_image\" \/>\n<meta name=\"twitter:label1\" content=\"Written by\" \/>\n\t<meta name=\"twitter:data1\" content=\"Shandana A. Durrani\" \/>\n\t<meta name=\"twitter:label2\" content=\"Est. reading time\" \/>\n\t<meta name=\"twitter:data2\" content=\"6 minutes\" \/>\n<script type=\"application\/ld+json\" class=\"yoast-schema-graph\">{\"@context\":\"https:\/\/schema.org\",\"@graph\":[{\"@type\":\"WebPage\",\"@id\":\"https:\/\/www.omio.es\/window-seat\/es\/cultura-lifestyle\/spas-historicos-en-europa\/\",\"url\":\"https:\/\/www.omio.es\/window-seat\/es\/cultura-lifestyle\/spas-historicos-en-europa\/\",\"name\":\"El Balneario de Vichy y otros spas en Europa | Omio\",\"isPartOf\":{\"@id\":\"https:\/\/www.omio.es\/window-seat\/#website\"},\"primaryImageOfPage\":{\"@id\":\"https:\/\/www.omio.es\/window-seat\/es\/cultura-lifestyle\/spas-historicos-en-europa\/#primaryimage\"},\"image\":{\"@id\":\"https:\/\/www.omio.es\/window-seat\/es\/cultura-lifestyle\/spas-historicos-en-europa\/#primaryimage\"},\"thumbnailUrl\":\"https:\/\/www.omio.es\/window-seat\/wp-content\/uploads\/2022\/04\/1_Vichy_shutterstock_708187483-scaled.jpg\",\"datePublished\":\"2021-02-01T00:00:00+00:00\",\"dateModified\":\"2022-08-04T09:26:00+00:00\",\"author\":{\"@id\":\"https:\/\/www.omio.es\/window-seat\/#\/schema\/person\/81210fb35284060e7a6c47d3af159bf5\"},\"description\":\"Europa est\u00e1 repleta de termas hist\u00f3ricas y spas asequibles. Descubre el vecino Balneario de Vichy y otras opciones en Alemania, B\u00e9lgica y otros pa\u00edses europeos.\",\"breadcrumb\":{\"@id\":\"https:\/\/www.omio.es\/window-seat\/es\/cultura-lifestyle\/spas-historicos-en-europa\/#breadcrumb\"},\"inLanguage\":\"en-US\",\"potentialAction\":[{\"@type\":\"ReadAction\",\"target\":[\"https:\/\/www.omio.es\/window-seat\/es\/cultura-lifestyle\/spas-historicos-en-europa\/\"]}]},{\"@type\":\"ImageObject\",\"inLanguage\":\"en-US\",\"@id\":\"https:\/\/www.omio.es\/window-seat\/es\/cultura-lifestyle\/spas-historicos-en-europa\/#primaryimage\",\"url\":\"https:\/\/www.omio.es\/window-seat\/wp-content\/uploads\/2022\/04\/1_Vichy_shutterstock_708187483-scaled.jpg\",\"contentUrl\":\"https:\/\/www.omio.es\/window-seat\/wp-content\/uploads\/2022\/04\/1_Vichy_shutterstock_708187483-scaled.jpg\",\"width\":2560,\"height\":1709,\"caption\":\"Reinvigorate your body and soul at one of 15 UNESCO historic spa towns. Credit: Shutterstock\"},{\"@type\":\"BreadcrumbList\",\"@id\":\"https:\/\/www.omio.es\/window-seat\/es\/cultura-lifestyle\/spas-historicos-en-europa\/#breadcrumb\",\"itemListElement\":[{\"@type\":\"ListItem\",\"position\":1,\"name\":\"The Window Seat\",\"item\":\"https:\/\/www.omio.es\/window-seat\/\"},{\"@type\":\"ListItem\",\"position\":2,\"name\":\"Culture &amp; Lifestyle\",\"item\":\"https:\/\/www.omio.es\/window-seat\/culture-lifestyle\/\"},{\"@type\":\"ListItem\",\"position\":3,\"name\":\"Wellness\",\"item\":\"https:\/\/www.omio.es\/window-seat\/culture-lifestyle\/wellness\/\"},{\"@type\":\"ListItem\",\"position\":4,\"name\":\"Spas hist\u00f3ricos en Europa\"}]},{\"@type\":\"WebSite\",\"@id\":\"https:\/\/www.omio.es\/window-seat\/#website\",\"url\":\"https:\/\/www.omio.es\/window-seat\/\",\"name\":\"The Window Seat\",\"description\":\"\",\"potentialAction\":[{\"@type\":\"SearchAction\",\"target\":{\"@type\":\"EntryPoint\",\"urlTemplate\":\"https:\/\/www.omio.es\/window-seat\/?s={search_term_string}\"},\"query-input\":{\"@type\":\"PropertyValueSpecification\",\"valueRequired\":true,\"valueName\":\"search_term_string\"}}],\"inLanguage\":\"en-US\"},{\"@type\":\"Person\",\"@id\":\"https:\/\/www.omio.es\/window-seat\/#\/schema\/person\/81210fb35284060e7a6c47d3af159bf5\",\"name\":\"Shandana A. Durrani\",\"image\":{\"@type\":\"ImageObject\",\"inLanguage\":\"en-US\",\"@id\":\"https:\/\/www.omio.es\/window-seat\/#\/schema\/person\/image\/\",\"url\":\"https:\/\/secure.gravatar.com\/avatar\/476113e9842659b58c1663ada1d6b2f26e3e82e6dc8cc78268a787224b92d765?s=96&d=mm&r=g\",\"contentUrl\":\"https:\/\/secure.gravatar.com\/avatar\/476113e9842659b58c1663ada1d6b2f26e3e82e6dc8cc78268a787224b92d765?s=96&d=mm&r=g\",\"caption\":\"Shandana A. Durrani\"}}]}<\/script>\n<!-- \/ Yoast SEO plugin. -->","yoast_head_json":{"title":"El Balneario de Vichy y otros spas en Europa | Omio","description":"Europa est\u00e1 repleta de termas hist\u00f3ricas y spas asequibles. Descubre el vecino Balneario de Vichy y otras opciones en Alemania, B\u00e9lgica y otros pa\u00edses europeos.","robots":{"index":"index","follow":"follow","max-snippet":"max-snippet:-1","max-image-preview":"max-image-preview:large","max-video-preview":"max-video-preview:-1"},"canonical":"https:\/\/www.omio.es\/window-seat\/cultura-lifestyle\/spas-historicos-en-europa\/","og_locale":"en_US","og_type":"article","og_title":"El Balneario de Vichy y otros spas en Europa | Omio","og_description":"Europa est\u00e1 repleta de termas hist\u00f3ricas y spas asequibles. Descubre el vecino Balneario de Vichy y otras opciones en Alemania, B\u00e9lgica y otros pa\u00edses europeos.","og_url":"https:\/\/www.omio.es\/window-seat\/es\/cultura-lifestyle\/spas-historicos-en-europa\/","og_site_name":"The Window Seat","article_published_time":"2021-02-01T00:00:00+00:00","article_modified_time":"2022-08-04T09:26:00+00:00","og_image":[{"width":2560,"height":1709,"url":"https:\/\/www.omio.es\/window-seat\/wp-content\/uploads\/2022\/04\/1_Vichy_shutterstock_708187483-scaled.jpg","type":"image\/jpeg"}],"author":"Shandana A. Durrani","twitter_card":"summary_large_image","twitter_misc":{"Written by":"Shandana A. Durrani","Est. reading time":"6 minutes"},"schema":{"@context":"https:\/\/schema.org","@graph":[{"@type":"WebPage","@id":"https:\/\/www.omio.es\/window-seat\/es\/cultura-lifestyle\/spas-historicos-en-europa\/","url":"https:\/\/www.omio.es\/window-seat\/es\/cultura-lifestyle\/spas-historicos-en-europa\/","name":"El Balneario de Vichy y otros spas en Europa | Omio","isPartOf":{"@id":"https:\/\/www.omio.es\/window-seat\/#website"},"primaryImageOfPage":{"@id":"https:\/\/www.omio.es\/window-seat\/es\/cultura-lifestyle\/spas-historicos-en-europa\/#primaryimage"},"image":{"@id":"https:\/\/www.omio.es\/window-seat\/es\/cultura-lifestyle\/spas-historicos-en-europa\/#primaryimage"},"thumbnailUrl":"https:\/\/www.omio.es\/window-seat\/wp-content\/uploads\/2022\/04\/1_Vichy_shutterstock_708187483-scaled.jpg","datePublished":"2021-02-01T00:00:00+00:00","dateModified":"2022-08-04T09:26:00+00:00","author":{"@id":"https:\/\/www.omio.es\/window-seat\/#\/schema\/person\/81210fb35284060e7a6c47d3af159bf5"},"description":"Europa est\u00e1 repleta de termas hist\u00f3ricas y spas asequibles. Descubre el vecino Balneario de Vichy y otras opciones en Alemania, B\u00e9lgica y otros pa\u00edses europeos.","breadcrumb":{"@id":"https:\/\/www.omio.es\/window-seat\/es\/cultura-lifestyle\/spas-historicos-en-europa\/#breadcrumb"},"inLanguage":"en-US","potentialAction":[{"@type":"ReadAction","target":["https:\/\/www.omio.es\/window-seat\/es\/cultura-lifestyle\/spas-historicos-en-europa\/"]}]},{"@type":"ImageObject","inLanguage":"en-US","@id":"https:\/\/www.omio.es\/window-seat\/es\/cultura-lifestyle\/spas-historicos-en-europa\/#primaryimage","url":"https:\/\/www.omio.es\/window-seat\/wp-content\/uploads\/2022\/04\/1_Vichy_shutterstock_708187483-scaled.jpg","contentUrl":"https:\/\/www.omio.es\/window-seat\/wp-content\/uploads\/2022\/04\/1_Vichy_shutterstock_708187483-scaled.jpg","width":2560,"height":1709,"caption":"Reinvigorate your body and soul at one of 15 UNESCO historic spa towns. Credit: Shutterstock"},{"@type":"BreadcrumbList","@id":"https:\/\/www.omio.es\/window-seat\/es\/cultura-lifestyle\/spas-historicos-en-europa\/#breadcrumb","itemListElement":[{"@type":"ListItem","position":1,"name":"The Window Seat","item":"https:\/\/www.omio.es\/window-seat\/"},{"@type":"ListItem","position":2,"name":"Culture &amp; Lifestyle","item":"https:\/\/www.omio.es\/window-seat\/culture-lifestyle\/"},{"@type":"ListItem","position":3,"name":"Wellness","item":"https:\/\/www.omio.es\/window-seat\/culture-lifestyle\/wellness\/"},{"@type":"ListItem","position":4,"name":"Spas hist\u00f3ricos en Europa"}]},{"@type":"WebSite","@id":"https:\/\/www.omio.es\/window-seat\/#website","url":"https:\/\/www.omio.es\/window-seat\/","name":"The Window Seat","description":"","potentialAction":[{"@type":"SearchAction","target":{"@type":"EntryPoint","urlTemplate":"https:\/\/www.omio.es\/window-seat\/?s={search_term_string}"},"query-input":{"@type":"PropertyValueSpecification","valueRequired":true,"valueName":"search_term_string"}}],"inLanguage":"en-US"},{"@type":"Person","@id":"https:\/\/www.omio.es\/window-seat\/#\/schema\/person\/81210fb35284060e7a6c47d3af159bf5","name":"Shandana A. Durrani","image":{"@type":"ImageObject","inLanguage":"en-US","@id":"https:\/\/www.omio.es\/window-seat\/#\/schema\/person\/image\/","url":"https:\/\/secure.gravatar.com\/avatar\/476113e9842659b58c1663ada1d6b2f26e3e82e6dc8cc78268a787224b92d765?s=96&d=mm&r=g","contentUrl":"https:\/\/secure.gravatar.com\/avatar\/476113e9842659b58c1663ada1d6b2f26e3e82e6dc8cc78268a787224b92d765?s=96&d=mm&r=g","caption":"Shandana A. Durrani"}}]}},"_links":{"self":[{"href":"https:\/\/www.omio.es\/window-seat\/wp-json\/wp\/v2\/posts\/28628","targetHints":{"allow":["GET"]}}],"collection":[{"href":"https:\/\/www.omio.es\/window-seat\/wp-json\/wp\/v2\/posts"}],"about":[{"href":"https:\/\/www.omio.es\/window-seat\/wp-json\/wp\/v2\/types\/post"}],"author":[{"embeddable":true,"href":"https:\/\/www.omio.es\/window-seat\/wp-json\/wp\/v2\/users\/6"}],"replies":[{"embeddable":true,"href":"https:\/\/www.omio.es\/window-seat\/wp-json\/wp\/v2\/comments?post=28628"}],"version-history":[{"count":3,"href":"https:\/\/www.omio.es\/window-seat\/wp-json\/wp\/v2\/posts\/28628\/revisions"}],"predecessor-version":[{"id":36745,"href":"https:\/\/www.omio.es\/window-seat\/wp-json\/wp\/v2\/posts\/28628\/revisions\/36745"}],"wp:featuredmedia":[{"embeddable":true,"href":"https:\/\/www.omio.es\/window-seat\/wp-json\/wp\/v2\/media\/9832"}],"wp:attachment":[{"href":"https:\/\/www.omio.es\/window-seat\/wp-json\/wp\/v2\/media?parent=28628"}],"wp:term":[{"taxonomy":"category","embeddable":true,"href":"https:\/\/www.omio.es\/window-seat\/wp-json\/wp\/v2\/categories?post=28628"},{"taxonomy":"post_tag","embeddable":true,"href":"https:\/\/www.omio.es\/window-seat\/wp-json\/wp\/v2\/tags?post=28628"},{"taxonomy":"position_id","embeddable":true,"href":"https:\/\/www.omio.es\/window-seat\/wp-json\/wp\/v2\/position_ids?post=28628"}],"curies":[{"name":"wp","href":"https:\/\/api.w.org\/{rel}","templated":true}]}}