{"id":28633,"date":"2021-03-01T00:00:00","date_gmt":"2021-03-01T00:00:00","guid":{"rendered":"http:\/\/www.omio.es\/window-seat\/sin-categorizar\/todos-los-accesos"},"modified":"2022-08-04T09:26:18","modified_gmt":"2022-08-04T09:26:18","slug":"todos-los-accesos","status":"publish","type":"post","link":"https:\/\/www.omio.es\/window-seat\/es\/consejos-de-viaje\/como-hacer\/todos-los-accesos\/","title":{"rendered":"Todos los accesos"},"content":{"rendered":"\n<p>Viajar es algo que todos hemos dado por sentado. Poder subir a un tren, a un autob\u00fas o a un vuelo en cualquier momento no era algo que nos preocupara antes de 2020. Pero desde que el COVID par\u00f3 el mundo, hemos empezado a tomar perspectiva. Todos estamos agradecidos por los viajes del pasado y tenemos esperanzas de viajar en el futuro. Pero para muchos viajar ha supuesto un reto durante mucho tiempo, con o sin pandemia.&nbsp;<\/p>\n\n\n\n<p>Los viajeros discapacitados sol\u00edan ser ignorados en lo que respecta a la comodidad, el servicio, las comodidades y las opciones. En los \u00faltimos a\u00f1os, las cosas han mejorado bastante, a medida que se han puesto en marcha leyes en todo el mundo. Aun as\u00ed, ya sea por una discapacidad f\u00edsica, visual, auditiva o mental, estos viajeros necesitan servicios especiales que les ayuden a disfrutar tanto como al resto de nosotros.&nbsp;<\/p>\n\n\n\n<p>Hemos preparado una completa gu\u00eda para ayudarte en tu pr\u00f3ximo viaje. Aqu\u00ed tienes una lista (no exhaustiva) de los aspectos b\u00e1sicos que debes comprobar mientras planifiques tu pr\u00f3ximo viaje:<\/p>\n\n\n\n<h3 class=\"wp-block-heading\"><strong>Elige el destino m\u00e1s accesible&nbsp;<\/strong><\/h3>\n\n\n\n<h4 class=\"wp-block-heading\">No olvides consultar:<\/h4>\n\n\n\n<ul class=\"wp-block-list\"><li>La accesibilidad general de la ciudad: la topograf\u00eda del destino puede darte pistas, las ciudades o pueblos situados en las cimas de las colinas tendr\u00e1n m\u00e1s desniveles en los que las escaleras pueden ser la \u00fanica forma de ir de un punto a otro.<\/li><\/ul>\n\n\n\n<ul class=\"wp-block-list\"><li>Transporte p\u00fablico: si piensas utilizar el transporte p\u00fablico para desplazarte, comprueba las distancias que tendr\u00e1s que recorrer. Dependiendo del tiempo previsto para tu visita, el n\u00famero de conexiones podr\u00eda convertirse en un reto importante, especialmente en las ciudades m\u00e1s grandes.<\/li><\/ul>\n\n\n\n<ul class=\"wp-block-list\"><li>Tarifas y servicios: pregunta si existe una tarifa reducida o un acceso especial para discapacitados. La mayor\u00eda de los lugares de inter\u00e9s tur\u00edstico, monumentos hist\u00f3ricos, galer\u00edas y museos de Europa ofrecen entradas con descuento o sin necesidad de hacer cola.<\/li><\/ul>\n\n\n\n<figure class=\"wp-block-gallery columns-1 is-cropped wp-block-gallery-1 is-layout-flex wp-block-gallery-is-layout-flex\"><ul class=\"blocks-gallery-grid\"><li class=\"blocks-gallery-item\"><figure><img decoding=\"async\" src=\"https:\/\/www.omio.es\/window-seat\/wp-content\/uploads\/2022\/04\/2_shutterstock_637703731-scaled.jpg\" alt=\"\" data-id=\"18518\" data-full-url=\"https:\/\/www.omio.es\/window-seat\/wp-content\/uploads\/2022\/04\/2_shutterstock_637703731-scaled.jpg\" data-link=\"https:\/\/www.omio.es\/window-seat\/?attachment_id=18518\" class=\"wp-image-18518\"\/><figcaption class=\"blocks-gallery-item__caption\">Con tan buena compa\u00f1\u00eda, estar\u00e1s m\u00e1s que preparado para tu pr\u00f3xima aventura. Fotot: Shutterstock<\/figcaption><\/figure><\/li><\/ul><\/figure>\n\n\n\n<p><strong>Consejo<\/strong>: el estilo arquitect\u00f3nico de una ciudad te ayudar\u00e1 a hacerte una idea sobre su accesibilidad. Por ejemplo, los adoquines son muy comunes en las ciudades y pueblos medievales, mientras que las ciudades industriales tendr\u00e1n calles mucho m\u00e1s llanas.<\/p>\n\n\n\n<h3 class=\"wp-block-heading\"><strong>Elige el hotel m\u00e1s accesible&nbsp;<\/strong><\/h3>\n\n\n\n<p>Adem\u00e1s de lo b\u00e1sico de buscar un hotel que ofrezca habitaciones para personas con movilidad reducida, no olvides consultar su proximidad con el aeropuerto o la estaci\u00f3n de tren, pero tambi\u00e9n con los lugares que tienes previsto visitar.<\/p>\n\n\n\n<p>Acu\u00e9rdate tambi\u00e9n de preguntar por la altura de las camas, un simple detalle que a menudo se omite en los hoteles.<\/p>\n\n\n\n<p><strong>Consejo<\/strong>: confirma siempre tu reserva con una llamada. Si no llamas, seg\u00fan muchos testimonios, es cuando surgen los malentendidos.<\/p>\n\n\n\n<figure class=\"wp-block-gallery columns-2 wp-block-gallery-2 is-layout-flex wp-block-gallery-is-layout-flex\"><ul class=\"blocks-gallery-grid\"><li class=\"blocks-gallery-item\"><figure><img decoding=\"async\" src=\"https:\/\/www.omio.es\/window-seat\/wp-content\/uploads\/2022\/04\/3_shutterstock_1816705433-scaled.jpg\" alt=\"\" data-id=\"18526\" data-link=\"https:\/\/www.omio.es\/window-seat\/?attachment_id=18526\" class=\"wp-image-18526\"\/><figcaption class=\"blocks-gallery-item__caption\">La mayor\u00eda de las estaciones de tren ofrecen asistencia para el equipaje y el embarque.<br> Foto: Shutterstock<\/figcaption><\/figure><\/li><li class=\"blocks-gallery-item\"><figure><img decoding=\"async\" src=\"https:\/\/www.omio.es\/window-seat\/wp-content\/uploads\/2022\/04\/4_Bus_shutterstock_1412814224-scaled.jpg\" alt=\"\" data-id=\"18533\" data-full-url=\"https:\/\/www.omio.es\/window-seat\/wp-content\/uploads\/2022\/04\/4_Bus_shutterstock_1412814224-scaled.jpg\" data-link=\"https:\/\/www.omio.es\/window-seat\/?attachment_id=18533\" class=\"wp-image-18533\"\/><figcaption class=\"blocks-gallery-item__caption\">Algunas compa\u00f1\u00edas de autobuses tienen asientos y servicios especiales. <br>Foto: Shutterstock<\/figcaption><\/figure><\/li><\/ul><\/figure>\n\n\n\n<h3 class=\"wp-block-heading\"><strong>Elige el medio de transporte m\u00e1s accesible<\/strong><\/h3>\n\n\n\n<p>En Europa, las aerol\u00edneas y compa\u00f1\u00edas de trenes ofrecen el servicio m\u00e1s completo para los viajeros discapacitados. Aunque la asistencia es un poco m\u00e1s avanzada en los vuelos, viajar en tren es m\u00e1s barato, sobre todo en Francia e Italia. Las compa\u00f1\u00edas de autobuses y ferry tambi\u00e9n ofrecen asistencia para facilitar el embarque, pero la disponibilidad depender\u00e1 de la empresa.&nbsp;<\/p>\n\n\n\n<p>Estas son las principales ventajas de los vuelos y los trenes:<\/p>\n\n\n\n<h3 class=\"wp-block-heading\">Ventajas de los vuelos:<\/h3>\n\n\n\n<ul class=\"wp-block-list\"><li>Asistencia en la facturaci\u00f3n y el embarque. La mayor\u00eda de las compa\u00f1\u00edas a\u00e9reas ofrecen acceso directo, almacenamiento de equipaje y equipos de movilidad.<\/li><li>Aviso: Los arreglos deben hacerse al menos 48 horas antes de la salida para garantizar un asiento especial a bordo.<\/li><li>Aseos accesibles para sillas de ruedas a bordo.<\/li><li>Se permiten los perros gu\u00eda a bordo gratis en la mayor\u00eda de las aerol\u00edneas.<\/li><\/ul>\n\n\n\n<h3 class=\"wp-block-heading\">Ventajas de los trenes:<\/h3>\n\n\n\n<ul class=\"wp-block-list\"><li>Asistencia en la estaci\u00f3n para el equipaje y el embarque. Asistencia al reservar un asiento especial. La solicitud debe hacerse al menos 48 horas antes de la salida.<\/li><li>Tarifas especiales para viajeros con movilidad reducida y sus acompa\u00f1antes: descuentos en sus billetes (hasta un 70% de descuento en la SNCF y hasta un 50% en la \u00d6BB, por ejemplo) o una tarjeta de descuento especial (Carta blu para Trenitalia o Railcard para National Rail, por ejemplo). Consulta con la compa\u00f1\u00eda de trenes.&nbsp;<\/li><li>Los perros gu\u00eda viajan gratis en todos los trenes de Europa.<\/li><\/ul>\n\n\n\n<figure class=\"wp-block-gallery columns-2 wp-block-gallery-3 is-layout-flex wp-block-gallery-is-layout-flex\"><ul class=\"blocks-gallery-grid\"><li class=\"blocks-gallery-item\"><figure><img decoding=\"async\" src=\"https:\/\/www.omio.es\/window-seat\/wp-content\/uploads\/2022\/04\/5_shutterstock_674903590-scaled.jpg\" alt=\"\" data-id=\"18546\" data-link=\"https:\/\/www.omio.es\/window-seat\/?attachment_id=18546\" class=\"wp-image-18546\"\/><figcaption class=\"blocks-gallery-item__caption\">Desde la facturaci\u00f3n hasta el embarque, las aerol\u00edneas te ayudar\u00e1n cuando necesites asistencia. <br>Foto: Shutterstock&nbsp;<\/figcaption><\/figure><\/li><li class=\"blocks-gallery-item\"><figure><img decoding=\"async\" src=\"https:\/\/www.omio.es\/window-seat\/wp-content\/uploads\/2022\/04\/6_shutterstock_1766913128-1-scaled.jpg\" alt=\"\" data-id=\"18553\" data-full-url=\"https:\/\/www.omio.es\/window-seat\/wp-content\/uploads\/2022\/04\/6_shutterstock_1766913128-1-scaled.jpg\" data-link=\"https:\/\/www.omio.es\/window-seat\/?attachment_id=18553\" class=\"wp-image-18553\"\/><figcaption class=\"blocks-gallery-item__caption\">Los perros gu\u00eda pueden subir a cualquier tren en toda Europa. <br>Foto: Shutterstock&nbsp;<\/figcaption><\/figure><\/li><\/ul><\/figure>\n\n\n\n<h3 class=\"wp-block-heading\"><strong>Consejos para los discapacitados visuales y auditivos&nbsp;<\/strong><\/h3>\n\n\n\n<ul class=\"wp-block-list\"><li>Descarga aplicaciones como Be My Eyes, que pone en contacto a voluntarios videntes con viajeros para ayudarles a moverse por aeropuertos y estaciones de tren.<\/li><li>Avisa al revisor o al auxiliar del tren de tu discapacidad auditiva para no perderte los <br>anuncios importantes.<\/li><li>Avisa con antelaci\u00f3n a los responsables del hotel si tienes una discapacidad visual o auditiva en caso de incendio, evacuaci\u00f3n o cat\u00e1strofe natural.<\/li><li>Lleva pilas de repuesto para los aud\u00edfonos y dem\u00e1s.<\/li><li>Pide instrucciones por escrito siempre que sea posible.<\/li><li>Lleva siempre contigo todos los documentos importantes, incluidos los aud\u00edfonos, las pilas, etc.<\/li><\/ul>\n\n\n\n<h3 class=\"wp-block-heading\"><strong>\u00bfAd\u00f3nde vamos?<\/strong><\/h3>\n\n\n\n<p>Ahora es el momento de inspirarse y so\u00f1ar con tu pr\u00f3xima aventura. Como ya hemos dicho, la accesibilidad a la hora de viajar es fundamental. Te dejamos una peque\u00f1a selecci\u00f3n de destinos y actividades 100% accesibles.<\/p>\n\n\n\n<h3 class=\"wp-block-heading\"><strong>Vacaciones de relax: Nantes<\/strong><\/h3>\n\n\n\n<p><a href=\"https:\/\/www.omio.es\/viajes\/nantes?utm_source=omio-magazine&amp;utm_medium=magazine&amp;utm_campaign=March&amp;utm_content=AllAccess&amp;utm_term=ES_ViajesNantes\" target=\"_blank\" rel=\"noreferrer noopener\">Nantes<\/a> se ha clasificado como la tercera ciudad francesa m\u00e1s accesible en 2020. Con importantes avances como los senderos para visitantes discapacitados, all\u00ed te espera una serena escapada en la Costa Atl\u00e1ntica.<\/p>\n\n\n<div id=\"search-widget-overlay\" class=\"search-widget-overlay\">\r\n  <div class=\"search-widget-overlay__form\" data-search-widget-container>\r\n    <div class=\"search-widget-overlay__details\">\r\n      <button class=\"search-widget-overlay__close\" data-search-widget-close>\r\n        \u2715\r\n      <\/button>\r\n      <div class=\"search-widget-overlay__text\">\r\n        Nantes      <\/div>\r\n    <\/div>\r\n\r\n  <\/div>\r\n<\/div>\r\n\r\n<div class=\"search-widget-cta\">\r\n  <button class=\"search-widget-cta__button\" data-search-widget-cta>\r\n    Billetes a Nantes  <\/button>\r\n<\/div>\n\n\n<figure class=\"wp-block-gallery columns-2 wp-block-gallery-4 is-layout-flex wp-block-gallery-is-layout-flex\"><ul class=\"blocks-gallery-grid\"><li class=\"blocks-gallery-item\"><figure><img decoding=\"async\" src=\"https:\/\/www.omio.es\/window-seat\/wp-content\/uploads\/2022\/04\/7_Nantes_shutterstock_675802633-scaled.jpg\" alt=\"\" data-id=\"18561\" data-link=\"https:\/\/www.omio.es\/window-seat\/?attachment_id=18561\" class=\"wp-image-18561\"\/><figcaption class=\"blocks-gallery-item__caption\">En Francia, Nantes ocupa el tercer lugar en accesibilidad. <br>Foto: Shutterstock&nbsp;<\/figcaption><\/figure><\/li><li class=\"blocks-gallery-item\"><figure><img decoding=\"async\" src=\"https:\/\/www.omio.es\/window-seat\/wp-content\/uploads\/2022\/04\/8_EditorialOnly_Nantes_shutterstock_1741204433-scaled.jpg\" alt=\"\" data-id=\"18567\" data-full-url=\"https:\/\/www.omio.es\/window-seat\/wp-content\/uploads\/2022\/04\/8_EditorialOnly_Nantes_shutterstock_1741204433-scaled.jpg\" data-link=\"https:\/\/www.omio.es\/window-seat\/?attachment_id=18567\" class=\"wp-image-18567\"\/><figcaption class=\"blocks-gallery-item__caption\">No te pierdas el Grand \u00c9l\u00e9phant, una estructura de 12 metros que ofrece paseos de 30 minutos. <br>Foto: Shutterstock<\/figcaption><\/figure><\/li><\/ul><\/figure>\n\n\n\n<p>Empieza por el Parc des Chantiers, una zona peatonal que cuenta con las famosas Machines de l&#8217;\u00eele, impresionantes prototipos de fantas\u00eda animados por maquinistas. La galer\u00eda tambi\u00e9n es accesible para los visitantes con discapacidad visual. Contin\u00faa tu viaje en Le Jardin Extraordinaire, un m\u00e1gico espacio verde repleto de plantas ex\u00f3ticas y una cascada, inspirado en los &#8220;Viajes extraordinarios&#8221; de Julio Verne, cuya casa de la infancia se encuentra en las cercan\u00edas.&nbsp;<\/p>\n\n\n\n<p>Termina tu aventura francesa en La Plage des Libraires, en Pornichet, a solo 50 minutos en tren de Nantes. Siente la brisa en la cara al bajar a esta playa totalmente accesible.<\/p>\n\n\n\n<p><strong>Sugerencia local:<\/strong> Sigue el sendero de la l\u00ednea verde, que est\u00e1 en el suelo por toda la ciudad. Te llevar\u00e1 de un lugar accesible a otro.<\/p>\n\n\n\n<h3 class=\"wp-block-heading\"><strong>Una experiencia inolvidable: Innsbruck<\/strong><\/h3>\n\n\n\n<figure class=\"wp-block-image size-full\"><img decoding=\"async\" src=\"https:\/\/www.omio.es\/window-seat\/wp-content\/uploads\/2022\/04\/9_Innsbruck_shutterstock_1276868347-scaled.jpg\" alt=\"\" class=\"wp-image-18579\"\/><figcaption>Un viaje de cuento de hadas te espera en las monta\u00f1as del Tirol, en Innsbruck. <br>Foto: Shutterstock<\/figcaption><\/figure>\n\n\n\n<p>En medio de las monta\u00f1as del Tirol se encuentra <a href=\"https:\/\/www.omio.es\/viajes\/innsbruck?utm_source=omio-magazine&amp;utm_medium=magazine&amp;utm_campaign=March&amp;utm_content=AllAccess&amp;utm_term=ES_ViajesInnsbruck\" target=\"_blank\" rel=\"noreferrer noopener\">Innsbruck<\/a>, una ciudad sorprendentemente accesible con una red de transporte p\u00fablico ideal para personas con movilidad reducida: todos los tranv\u00edas y autobuses est\u00e1n equipados con rampas, asientos especiales y ofrecen tarifas reducidas.\u00a0<\/p>\n\n\n<div id=\"search-widget-overlay\" class=\"search-widget-overlay\">\r\n  <div class=\"search-widget-overlay__form\" data-search-widget-container>\r\n    <div class=\"search-widget-overlay__details\">\r\n      <button class=\"search-widget-overlay__close\" data-search-widget-close>\r\n        \u2715\r\n      <\/button>\r\n      <div class=\"search-widget-overlay__text\">\r\n        Nantes      <\/div>\r\n    <\/div>\r\n\r\n  <\/div>\r\n<\/div>\r\n\r\n<div class=\"search-widget-cta\">\r\n  <button class=\"search-widget-cta__button\" data-search-widget-cta>\r\n    Billetes a Nantes  <\/button>\r\n<\/div>\n\n\n<p>Tu viaje comienza en el Altstadt, donde podr\u00e1s contemplar monumentos hist\u00f3ricos como la Casa Helbling, el Tejado de Oro o el Palacio Imperial, que es accesible en silla de ruedas. A continuaci\u00f3n, es el momento de prepararse para una experiencia en las afueras de la ciudad: el <em>handcycling<\/em> (bicicletas con pedales en lugar de los pies). Te recomendamos la ruta <a href=\"https:\/\/www.tyrol.com\/things-to-do\/sports\/cycling\/biketours\/a-innsbruck-stams\" target=\"_blank\" rel=\"noreferrer noopener\">Innsbruck-Stams<\/a>, llana y f\u00e1cil de recorrer en bicicleta, que te llevar\u00e1 desde la ciudad hasta el encantador pueblo de Stams, en el valle del Inntal.&nbsp;<\/p>\n\n\n\n<p>\u00bfPor qu\u00e9 no terminar tu aventura en la cima de las monta\u00f1as? Dir\u00edgete al <a href=\"https:\/\/www.getyourguide.es\/innsbruck-l164\/innsbruck-ticket-for-the-nordkette-cable-car-t42327\/?partner_id=PGSHZ7K\" target=\"_blank\" rel=\"noreferrer noopener\">Nordkette<\/a>, con ascensores y telef\u00e9ricos totalmente accesibles, a solo ocho minutos en funicular desde el centro de la ciudad. Prep\u00e1rate para una impresionante panor\u00e1mica de los Alpes.<\/p>\n\n\n\n<figure class=\"wp-block-gallery columns-2 wp-block-gallery-5 is-layout-flex wp-block-gallery-is-layout-flex\"><ul class=\"blocks-gallery-grid\"><li class=\"blocks-gallery-item\"><figure><img decoding=\"async\" src=\"https:\/\/www.omio.es\/window-seat\/wp-content\/uploads\/2022\/04\/10_EditorialOnly_Innsbruck_Golden_Roof_shutterstock_1678305688-scaled.jpg\" alt=\"\" data-id=\"18581\" data-link=\"https:\/\/www.omio.es\/window-seat\/?attachment_id=18581\" class=\"wp-image-18581\"\/><figcaption class=\"blocks-gallery-item__caption\">El Tejado Dorado, s\u00edmbolo de poder del emperador Maximiliano I, es un edificio hist\u00f3rico de visita obligada en el casco antiguo de Innsbruck. <br>Foto: Shutterstock<\/figcaption><\/figure><\/li><li class=\"blocks-gallery-item\"><figure><img decoding=\"async\" src=\"https:\/\/www.omio.es\/window-seat\/wp-content\/uploads\/2022\/04\/11_EditorialOnly_Stams_shutterstock_768306808-scaled.jpg\" alt=\"\" data-id=\"18587\" data-full-url=\"https:\/\/www.omio.es\/window-seat\/wp-content\/uploads\/2022\/04\/11_EditorialOnly_Stams_shutterstock_768306808-scaled.jpg\" data-link=\"https:\/\/www.omio.es\/window-seat\/?attachment_id=18587\" class=\"wp-image-18587\"\/><figcaption class=\"blocks-gallery-item__caption\">La abad\u00eda de Stams, una obra maestra del barroco en el valle del Inntal, se encuentra al final de la ruta. <br>Foto: Shutterstock<\/figcaption><\/figure><\/li><\/ul><\/figure>\n","protected":false},"excerpt":{"rendered":"<p>Viajar es algo que todos hemos dado por sentado. Poder subir a un tren, a un autob\u00fas o a un vuelo en cualquier momento no era algo que nos preocupara antes de 2020. Pero desde que el COVID par\u00f3 el mundo, hemos empezado a tomar perspectiva. Todos estamos agradecidos por los viajes del pasado y&hellip; <a class=\"more-link\" href=\"https:\/\/www.omio.es\/window-seat\/es\/consejos-de-viaje\/como-hacer\/todos-los-accesos\/\">Continue reading <span class=\"screen-reader-text\">Todos los accesos<\/span><\/a><\/p>\n","protected":false},"author":10,"featured_media":10253,"comment_status":"open","ping_status":"open","sticky":false,"template":"","format":"standard","meta":{"_acf_changed":false,"inline_featured_image":false,"footnotes":""},"categories":[2037],"tags":[],"position_ids":[],"class_list":["post-28633","post","type-post","status-publish","format-standard","has-post-thumbnail","hentry","category-como-hacer","entry"],"acf":[],"yoast_head":"<!-- This site is optimized with the Yoast SEO plugin v24.9 - https:\/\/yoast.com\/wordpress\/plugins\/seo\/ -->\n<title>Turismo accesible: gu\u00eda para viajeros con movilidad reducida | Omio<\/title>\n<meta name=\"description\" content=\"Hemos preparado una gu\u00eda completa para ayudarte en tus viajes y con algo de inspiraci\u00f3n para tu pr\u00f3xima aventura.\" \/>\n<meta name=\"robots\" content=\"index, follow, max-snippet:-1, max-image-preview:large, max-video-preview:-1\" \/>\n<link rel=\"canonical\" href=\"https:\/\/www.omio.es\/window-seat\/consejos-de-viaje\/como-hacer\/todos-los-accesos\/\" \/>\n<meta property=\"og:locale\" content=\"en_US\" \/>\n<meta property=\"og:type\" content=\"article\" \/>\n<meta property=\"og:title\" content=\"Turismo accesible: gu\u00eda para viajeros con movilidad reducida | Omio\" \/>\n<meta property=\"og:description\" content=\"Hemos preparado una gu\u00eda completa para ayudarte en tus viajes y con algo de inspiraci\u00f3n para tu pr\u00f3xima aventura.\" \/>\n<meta property=\"og:url\" content=\"https:\/\/www.omio.es\/window-seat\/es\/consejos-de-viaje\/como-hacer\/todos-los-accesos\/\" \/>\n<meta property=\"og:site_name\" content=\"The Window Seat\" \/>\n<meta property=\"article:published_time\" content=\"2021-03-01T00:00:00+00:00\" \/>\n<meta property=\"article:modified_time\" content=\"2022-08-04T09:26:18+00:00\" \/>\n<meta property=\"og:image\" content=\"https:\/\/www.omio.es\/window-seat\/wp-content\/uploads\/2022\/04\/1_Main_Image_carlos-navas-jh3-1XmmBCs-unsplash-1-scaled.jpg\" \/>\n\t<meta property=\"og:image:width\" content=\"2560\" \/>\n\t<meta property=\"og:image:height\" content=\"1707\" \/>\n\t<meta property=\"og:image:type\" content=\"image\/jpeg\" \/>\n<meta name=\"author\" content=\"Melek Carkaci\" \/>\n<meta name=\"twitter:card\" content=\"summary_large_image\" \/>\n<meta name=\"twitter:label1\" content=\"Written by\" \/>\n\t<meta name=\"twitter:data1\" content=\"Melek Carkaci\" \/>\n\t<meta name=\"twitter:label2\" content=\"Est. reading time\" \/>\n\t<meta name=\"twitter:data2\" content=\"7 minutes\" \/>\n<script type=\"application\/ld+json\" class=\"yoast-schema-graph\">{\"@context\":\"https:\/\/schema.org\",\"@graph\":[{\"@type\":\"WebPage\",\"@id\":\"https:\/\/www.omio.es\/window-seat\/es\/consejos-de-viaje\/como-hacer\/todos-los-accesos\/\",\"url\":\"https:\/\/www.omio.es\/window-seat\/es\/consejos-de-viaje\/como-hacer\/todos-los-accesos\/\",\"name\":\"Turismo accesible: gu\u00eda para viajeros con movilidad reducida | Omio\",\"isPartOf\":{\"@id\":\"https:\/\/www.omio.es\/window-seat\/#website\"},\"primaryImageOfPage\":{\"@id\":\"https:\/\/www.omio.es\/window-seat\/es\/consejos-de-viaje\/como-hacer\/todos-los-accesos\/#primaryimage\"},\"image\":{\"@id\":\"https:\/\/www.omio.es\/window-seat\/es\/consejos-de-viaje\/como-hacer\/todos-los-accesos\/#primaryimage\"},\"thumbnailUrl\":\"https:\/\/www.omio.es\/window-seat\/wp-content\/uploads\/2022\/04\/1_Main_Image_carlos-navas-jh3-1XmmBCs-unsplash-1-scaled.jpg\",\"datePublished\":\"2021-03-01T00:00:00+00:00\",\"dateModified\":\"2022-08-04T09:26:18+00:00\",\"author\":{\"@id\":\"https:\/\/www.omio.es\/window-seat\/#\/schema\/person\/aa26f7149b7e0fcab9c1c8c5713fd830\"},\"description\":\"Hemos preparado una gu\u00eda completa para ayudarte en tus viajes y con algo de inspiraci\u00f3n para tu pr\u00f3xima aventura.\",\"breadcrumb\":{\"@id\":\"https:\/\/www.omio.es\/window-seat\/es\/consejos-de-viaje\/como-hacer\/todos-los-accesos\/#breadcrumb\"},\"inLanguage\":\"en-US\",\"potentialAction\":[{\"@type\":\"ReadAction\",\"target\":[\"https:\/\/www.omio.es\/window-seat\/es\/consejos-de-viaje\/como-hacer\/todos-los-accesos\/\"]}]},{\"@type\":\"ImageObject\",\"inLanguage\":\"en-US\",\"@id\":\"https:\/\/www.omio.es\/window-seat\/es\/consejos-de-viaje\/como-hacer\/todos-los-accesos\/#primaryimage\",\"url\":\"https:\/\/www.omio.es\/window-seat\/wp-content\/uploads\/2022\/04\/1_Main_Image_carlos-navas-jh3-1XmmBCs-unsplash-1-scaled.jpg\",\"contentUrl\":\"https:\/\/www.omio.es\/window-seat\/wp-content\/uploads\/2022\/04\/1_Main_Image_carlos-navas-jh3-1XmmBCs-unsplash-1-scaled.jpg\",\"width\":2560,\"height\":1707,\"caption\":\"The world is your oyster. Explore it at your own pace. Credit: Carlos Navas\/Unsplash\"},{\"@type\":\"BreadcrumbList\",\"@id\":\"https:\/\/www.omio.es\/window-seat\/es\/consejos-de-viaje\/como-hacer\/todos-los-accesos\/#breadcrumb\",\"itemListElement\":[{\"@type\":\"ListItem\",\"position\":1,\"name\":\"The Window Seat\",\"item\":\"https:\/\/www.omio.es\/window-seat\/\"},{\"@type\":\"ListItem\",\"position\":2,\"name\":\"Travel Tips\",\"item\":\"https:\/\/www.omio.es\/window-seat\/travel-tip\/\"},{\"@type\":\"ListItem\",\"position\":3,\"name\":\"How To\",\"item\":\"https:\/\/www.omio.es\/window-seat\/travel-tip\/how-to\/\"},{\"@type\":\"ListItem\",\"position\":4,\"name\":\"Todos los accesos\"}]},{\"@type\":\"WebSite\",\"@id\":\"https:\/\/www.omio.es\/window-seat\/#website\",\"url\":\"https:\/\/www.omio.es\/window-seat\/\",\"name\":\"The Window Seat\",\"description\":\"\",\"potentialAction\":[{\"@type\":\"SearchAction\",\"target\":{\"@type\":\"EntryPoint\",\"urlTemplate\":\"https:\/\/www.omio.es\/window-seat\/?s={search_term_string}\"},\"query-input\":{\"@type\":\"PropertyValueSpecification\",\"valueRequired\":true,\"valueName\":\"search_term_string\"}}],\"inLanguage\":\"en-US\"},{\"@type\":\"Person\",\"@id\":\"https:\/\/www.omio.es\/window-seat\/#\/schema\/person\/aa26f7149b7e0fcab9c1c8c5713fd830\",\"name\":\"Melek Carkaci\",\"image\":{\"@type\":\"ImageObject\",\"inLanguage\":\"en-US\",\"@id\":\"https:\/\/www.omio.es\/window-seat\/#\/schema\/person\/image\/\",\"url\":\"https:\/\/secure.gravatar.com\/avatar\/36a542faaab71cd0c5e28f4ef1b4a47a73c2555729dc68125edeea3f89dbe027?s=96&d=mm&r=g\",\"contentUrl\":\"https:\/\/secure.gravatar.com\/avatar\/36a542faaab71cd0c5e28f4ef1b4a47a73c2555729dc68125edeea3f89dbe027?s=96&d=mm&r=g\",\"caption\":\"Melek Carkaci\"}}]}<\/script>\n<!-- \/ Yoast SEO plugin. -->","yoast_head_json":{"title":"Turismo accesible: gu\u00eda para viajeros con movilidad reducida | Omio","description":"Hemos preparado una gu\u00eda completa para ayudarte en tus viajes y con algo de inspiraci\u00f3n para tu pr\u00f3xima aventura.","robots":{"index":"index","follow":"follow","max-snippet":"max-snippet:-1","max-image-preview":"max-image-preview:large","max-video-preview":"max-video-preview:-1"},"canonical":"https:\/\/www.omio.es\/window-seat\/consejos-de-viaje\/como-hacer\/todos-los-accesos\/","og_locale":"en_US","og_type":"article","og_title":"Turismo accesible: gu\u00eda para viajeros con movilidad reducida | Omio","og_description":"Hemos preparado una gu\u00eda completa para ayudarte en tus viajes y con algo de inspiraci\u00f3n para tu pr\u00f3xima aventura.","og_url":"https:\/\/www.omio.es\/window-seat\/es\/consejos-de-viaje\/como-hacer\/todos-los-accesos\/","og_site_name":"The Window Seat","article_published_time":"2021-03-01T00:00:00+00:00","article_modified_time":"2022-08-04T09:26:18+00:00","og_image":[{"width":2560,"height":1707,"url":"https:\/\/www.omio.es\/window-seat\/wp-content\/uploads\/2022\/04\/1_Main_Image_carlos-navas-jh3-1XmmBCs-unsplash-1-scaled.jpg","type":"image\/jpeg"}],"author":"Melek Carkaci","twitter_card":"summary_large_image","twitter_misc":{"Written by":"Melek Carkaci","Est. reading time":"7 minutes"},"schema":{"@context":"https:\/\/schema.org","@graph":[{"@type":"WebPage","@id":"https:\/\/www.omio.es\/window-seat\/es\/consejos-de-viaje\/como-hacer\/todos-los-accesos\/","url":"https:\/\/www.omio.es\/window-seat\/es\/consejos-de-viaje\/como-hacer\/todos-los-accesos\/","name":"Turismo accesible: gu\u00eda para viajeros con movilidad reducida | Omio","isPartOf":{"@id":"https:\/\/www.omio.es\/window-seat\/#website"},"primaryImageOfPage":{"@id":"https:\/\/www.omio.es\/window-seat\/es\/consejos-de-viaje\/como-hacer\/todos-los-accesos\/#primaryimage"},"image":{"@id":"https:\/\/www.omio.es\/window-seat\/es\/consejos-de-viaje\/como-hacer\/todos-los-accesos\/#primaryimage"},"thumbnailUrl":"https:\/\/www.omio.es\/window-seat\/wp-content\/uploads\/2022\/04\/1_Main_Image_carlos-navas-jh3-1XmmBCs-unsplash-1-scaled.jpg","datePublished":"2021-03-01T00:00:00+00:00","dateModified":"2022-08-04T09:26:18+00:00","author":{"@id":"https:\/\/www.omio.es\/window-seat\/#\/schema\/person\/aa26f7149b7e0fcab9c1c8c5713fd830"},"description":"Hemos preparado una gu\u00eda completa para ayudarte en tus viajes y con algo de inspiraci\u00f3n para tu pr\u00f3xima aventura.","breadcrumb":{"@id":"https:\/\/www.omio.es\/window-seat\/es\/consejos-de-viaje\/como-hacer\/todos-los-accesos\/#breadcrumb"},"inLanguage":"en-US","potentialAction":[{"@type":"ReadAction","target":["https:\/\/www.omio.es\/window-seat\/es\/consejos-de-viaje\/como-hacer\/todos-los-accesos\/"]}]},{"@type":"ImageObject","inLanguage":"en-US","@id":"https:\/\/www.omio.es\/window-seat\/es\/consejos-de-viaje\/como-hacer\/todos-los-accesos\/#primaryimage","url":"https:\/\/www.omio.es\/window-seat\/wp-content\/uploads\/2022\/04\/1_Main_Image_carlos-navas-jh3-1XmmBCs-unsplash-1-scaled.jpg","contentUrl":"https:\/\/www.omio.es\/window-seat\/wp-content\/uploads\/2022\/04\/1_Main_Image_carlos-navas-jh3-1XmmBCs-unsplash-1-scaled.jpg","width":2560,"height":1707,"caption":"The world is your oyster. Explore it at your own pace. Credit: Carlos Navas\/Unsplash"},{"@type":"BreadcrumbList","@id":"https:\/\/www.omio.es\/window-seat\/es\/consejos-de-viaje\/como-hacer\/todos-los-accesos\/#breadcrumb","itemListElement":[{"@type":"ListItem","position":1,"name":"The Window Seat","item":"https:\/\/www.omio.es\/window-seat\/"},{"@type":"ListItem","position":2,"name":"Travel Tips","item":"https:\/\/www.omio.es\/window-seat\/travel-tip\/"},{"@type":"ListItem","position":3,"name":"How To","item":"https:\/\/www.omio.es\/window-seat\/travel-tip\/how-to\/"},{"@type":"ListItem","position":4,"name":"Todos los accesos"}]},{"@type":"WebSite","@id":"https:\/\/www.omio.es\/window-seat\/#website","url":"https:\/\/www.omio.es\/window-seat\/","name":"The Window Seat","description":"","potentialAction":[{"@type":"SearchAction","target":{"@type":"EntryPoint","urlTemplate":"https:\/\/www.omio.es\/window-seat\/?s={search_term_string}"},"query-input":{"@type":"PropertyValueSpecification","valueRequired":true,"valueName":"search_term_string"}}],"inLanguage":"en-US"},{"@type":"Person","@id":"https:\/\/www.omio.es\/window-seat\/#\/schema\/person\/aa26f7149b7e0fcab9c1c8c5713fd830","name":"Melek Carkaci","image":{"@type":"ImageObject","inLanguage":"en-US","@id":"https:\/\/www.omio.es\/window-seat\/#\/schema\/person\/image\/","url":"https:\/\/secure.gravatar.com\/avatar\/36a542faaab71cd0c5e28f4ef1b4a47a73c2555729dc68125edeea3f89dbe027?s=96&d=mm&r=g","contentUrl":"https:\/\/secure.gravatar.com\/avatar\/36a542faaab71cd0c5e28f4ef1b4a47a73c2555729dc68125edeea3f89dbe027?s=96&d=mm&r=g","caption":"Melek Carkaci"}}]}},"_links":{"self":[{"href":"https:\/\/www.omio.es\/window-seat\/wp-json\/wp\/v2\/posts\/28633","targetHints":{"allow":["GET"]}}],"collection":[{"href":"https:\/\/www.omio.es\/window-seat\/wp-json\/wp\/v2\/posts"}],"about":[{"href":"https:\/\/www.omio.es\/window-seat\/wp-json\/wp\/v2\/types\/post"}],"author":[{"embeddable":true,"href":"https:\/\/www.omio.es\/window-seat\/wp-json\/wp\/v2\/users\/10"}],"replies":[{"embeddable":true,"href":"https:\/\/www.omio.es\/window-seat\/wp-json\/wp\/v2\/comments?post=28633"}],"version-history":[{"count":3,"href":"https:\/\/www.omio.es\/window-seat\/wp-json\/wp\/v2\/posts\/28633\/revisions"}],"predecessor-version":[{"id":36750,"href":"https:\/\/www.omio.es\/window-seat\/wp-json\/wp\/v2\/posts\/28633\/revisions\/36750"}],"wp:featuredmedia":[{"embeddable":true,"href":"https:\/\/www.omio.es\/window-seat\/wp-json\/wp\/v2\/media\/10253"}],"wp:attachment":[{"href":"https:\/\/www.omio.es\/window-seat\/wp-json\/wp\/v2\/media?parent=28633"}],"wp:term":[{"taxonomy":"category","embeddable":true,"href":"https:\/\/www.omio.es\/window-seat\/wp-json\/wp\/v2\/categories?post=28633"},{"taxonomy":"post_tag","embeddable":true,"href":"https:\/\/www.omio.es\/window-seat\/wp-json\/wp\/v2\/tags?post=28633"},{"taxonomy":"position_id","embeddable":true,"href":"https:\/\/www.omio.es\/window-seat\/wp-json\/wp\/v2\/position_ids?post=28633"}],"curies":[{"name":"wp","href":"https:\/\/api.w.org\/{rel}","templated":true}]}}