{"id":28645,"date":"2021-05-01T00:00:00","date_gmt":"2021-05-01T00:00:00","guid":{"rendered":"http:\/\/www.omio.es\/window-seat\/sin-categorizar\/la-historia-de-europa-a-traves-de-sus-iglesias-y-catedrales-2"},"modified":"2022-08-04T09:26:45","modified_gmt":"2022-08-04T09:26:45","slug":"la-historia-de-europa-a-traves-de-sus-iglesias-y-catedrales-2","status":"publish","type":"post","link":"https:\/\/www.omio.es\/window-seat\/es\/historia-arte\/la-historia-de-europa-a-traves-de-sus-iglesias-y-catedrales-2\/","title":{"rendered":"La historia de Europa a trav\u00e9s de sus iglesias y catedrales"},"content":{"rendered":"\n<p>S\u00edmbolos del patrimonio europeo, las iglesias y catedrales son verdaderos testigos del tiempo, que reflejan la cultura y las costumbres a trav\u00e9s de su dise\u00f1o y arquitectura. Estos hitos hist\u00f3ricos nos trasladan a \u00e9pocas pasadas con sus agujas, mosaicos, c\u00fapulas, techos pintados y dem\u00e1s. Muchas iglesias y catedrales, que en su d\u00eda fueron meros lugares de culto, se han convertido en iconos culturales que ofrecen a creyentes y no creyentes un lugar donde empaparse de arte, dise\u00f1o y paz.&nbsp;<\/p>\n\n\n\n<p>Desde los inicios del cristianismo, pasando por la conquista musulmana, hasta la expansi\u00f3n del protestantismo, muchos de los lugares sagrados m\u00e1s simb\u00f3licos de la actualidad tienen sus ra\u00edces en la migraci\u00f3n y la guerra. Independientemente de su origen, hoy en d\u00eda son un reflejo de la diversidad de la Europa actual. Explora la historia y cultura de estos lugares religiosos <br>poco conocidos.&nbsp;<\/p>\n\n\n\n<h3 class=\"wp-block-heading\"><strong>Las Termas de Diocleciano y la Bas\u00edlica de Santa Maria degli Angeli e dei Martiri, Roma<\/strong><\/h3>\n\n\n\n<p>Durante los primeros tiempos del cristianismo, cuando la palabra se estaba extendiendo, era primordial convertir a los lugares adem\u00e1s de a las personas. A menudo se eliminaban los \u00eddolos paganos y se destru\u00edan los s\u00edmbolos de la cultura y las costumbres paganas. Sin embargo, a veces se salvaban las reliquias, como es el caso de las Termas de Diocleciano, una mezcla de arquitectura romana antigua y arte sagrado cristiano.<\/p>\n\n\n<div id=\"search-widget-overlay\" class=\"search-widget-overlay\">\r\n  <div class=\"search-widget-overlay__form\" data-search-widget-container>\r\n    <div class=\"search-widget-overlay__details\">\r\n      <button class=\"search-widget-overlay__close\" data-search-widget-close>\r\n        \u2715\r\n      <\/button>\r\n      <div class=\"search-widget-overlay__text\">\r\n        Roma      <\/div>\r\n    <\/div>\r\n\r\n  <\/div>\r\n<\/div>\r\n\r\n<div class=\"search-widget-cta\">\r\n  <button class=\"search-widget-cta__button\" data-search-widget-cta>\r\n    Billetes a Roma  <\/button>\r\n<\/div>\n\n\n<figure class=\"wp-block-image size-full\"><img decoding=\"async\" src=\"https:\/\/www.omio.es\/window-seat\/wp-content\/uploads\/2022\/04\/shutterstock_1225840429-scaled.jpg\" alt=\"\" class=\"wp-image-21043\"\/><figcaption>En el Claustro de Miguel \u00c1ngel, que se extiende a lo largo de una hect\u00e1rea, se pueden ver gigantescas estructuras de cabezas de animales. <br>Foto: Shutterstock<\/figcaption><\/figure>\n\n\n\n<p>El emperador Maximiano H\u00e9rcules dedic\u00f3 las termas romanas a su coemperador Diocleciano en el a\u00f1o 306. En aquella \u00e9poca, las instalaciones se extend\u00edan a lo largo de 13 hect\u00e1reas y contaban con un <em>frigidarium<\/em> (para ba\u00f1os fr\u00edos), un <em>tepidarium<\/em> (para ba\u00f1os tibios), un <em>caldarium<\/em> (para ba\u00f1os calientes y de vapor), una piscina de 4.000 metros cuadrados, una biblioteca, gimnasios, un teatro y jardines. Miles de esclavos cristianos perecieron en la construcci\u00f3n de este enorme complejo.<\/p>\n\n\n\n<p>En ruinas tras la ca\u00edda del imperio despu\u00e9s de que los godos cortaran el suministro de agua (algo poco pr\u00e1ctico para quien quiera ba\u00f1arse), no fue hasta 1561 cuando las termas tuvieron una especie de renacimiento. El Papa P\u00edo IV encarg\u00f3 la transformaci\u00f3n del <em>tepidarium<\/em> y de las salas centrales en una iglesia dedicada a Santa Mar\u00eda de los \u00c1ngeles y los M\u00e1rtires, con Miguel \u00c1ngel a la cabeza de <br>la construcci\u00f3n.&nbsp;&nbsp;<\/p>\n\n\n\n<p>\u00bfEl resultado? La Santa Maria degli Angeli, una venerable obra maestra de contrastes. Nada m\u00e1s entrar en la iglesia, la fachada exterior se eleva en contraste con el impresionante interior de 90 metros. Se pueden encontrar dise\u00f1os renacentistas, neocl\u00e1sicos y barrocos, todos ellos en armon\u00eda con la antigua fachada.&nbsp;<\/p>\n\n\n\n<p>El crucero abovedado se conserv\u00f3 aposta para crear un contraste a\u00fan mayor con los ornamentos dorados, las pinturas, los frescos y las columnas de granito rojo. No te pierdas el reloj de sol de 45 metros de largo construido por el astr\u00f3nomo Francesco Bianchini en 1705. La l\u00ednea solar de bronce y m\u00e1rmol blanco y amarillo es un s\u00edmbolo del dominio cristiano sobre los rituales paganos. Intenta encontrar el c\u00edrculo luminoso en el meridiano, formado por la luz del sol que pasa a trav\u00e9s de un \u00f3culo y se mueve seg\u00fan la posici\u00f3n de la tierra alrededor del sol.<\/p>\n\n\n\n<figure class=\"wp-block-gallery columns-2 wp-block-gallery-1 is-layout-flex wp-block-gallery-is-layout-flex\"><ul class=\"blocks-gallery-grid\"><li class=\"blocks-gallery-item\"><figure><img decoding=\"async\" src=\"https:\/\/www.omio.es\/window-seat\/wp-content\/uploads\/2022\/04\/shutterstock_414170179-1-scaled.jpg\" alt=\"\" data-id=\"21046\" data-link=\"https:\/\/www.omio.es\/window-seat\/?attachment_id=21046\" class=\"wp-image-21046\"\/><figcaption class=\"blocks-gallery-item__caption\">Detr\u00e1s de esta antigua fachada en ruinas se encuentra la Bas\u00edlica de Santa Maria degli Angeli. <br>Foto: Shutterstock<\/figcaption><\/figure><\/li><li class=\"blocks-gallery-item\"><figure><img decoding=\"async\" src=\"https:\/\/www.omio.es\/window-seat\/wp-content\/uploads\/2022\/04\/shutterstock_566928865-scaled.jpg\" alt=\"\" data-id=\"21053\" data-full-url=\"https:\/\/www.omio.es\/window-seat\/wp-content\/uploads\/2022\/04\/shutterstock_566928865-scaled.jpg\" data-link=\"https:\/\/www.omio.es\/window-seat\/?attachment_id=21053\" class=\"wp-image-21053\"\/><figcaption class=\"blocks-gallery-item__caption\">Los dise\u00f1os renacentistas, neocl\u00e1sicos y barrocos de la bas\u00edlica se mezclan perfectamente con la estructura original de las termas romanas. <br>Foto: Shutterstock<\/figcaption><\/figure><\/li><\/ul><\/figure>\n\n\n\n<h3 class=\"wp-block-heading\"><strong>Alc\u00e1zar de Jerez de la Frontera<\/strong><\/h3>\n\n\n\n<p>Cuando los \u00e1rabes invadieron Europa por primera vez en el siglo VIII trajeron consigo muchos cambios, incluido un estilo arquitect\u00f3nico que transformar\u00eda el mundo para siempre. C\u00fapulas y minaretes brotaron por todo el continente. Hoy quedan pocas obras maestras emblem\u00e1ticas, salvo en el sur de Espa\u00f1a. Andaluc\u00eda, que en su d\u00eda fue una poderosa sede del gobierno musulm\u00e1n, conserva bastante bien los restos de la dominaci\u00f3n \u00e1rabe. Aunque la <a href=\"https:\/\/www.omio.es\/viajes\/granada?utm_source=omio-magazine&amp;utm_medium=magazine&amp;utm_campaign=May&amp;utm_content=Churches&amp;utm_term=ES_ViajesGranada\" target=\"_blank\" rel=\"noreferrer noopener\">Alhambra<\/a> es el ejemplo m\u00e1s famoso de la arquitectura musulmana en Espa\u00f1a, no es el \u00fanico que queda en la pen\u00ednsula.&nbsp;&nbsp;<\/p>\n\n\n\n<p>En <a href=\"https:\/\/www.omio.es\/viajes\/jerez-de-la-frontera?utm_source=omio-magazine&amp;utm_medium=magazine&amp;utm_campaign=May&amp;utm_content=Churches&amp;utm_term=ES_ViajesJerez\" target=\"_blank\" rel=\"noreferrer noopener\">Jerez de la Frontera<\/a> podr\u00e1s sumergirte en la turbulenta historia del Alc\u00e1zar, marcado por los almohades. La fortaleza medieval se remonta al siglo XII y lleva las huellas hist\u00f3ricas, pol\u00edticas y culturales, visibles a trav\u00e9s de una fastuosa mezcolanza de detalles isl\u00e1micos y cristianos.<\/p>\n\n\n\n<p>El Alc\u00e1zar sirvi\u00f3 de base militar y pol\u00edtica vital, pero tambi\u00e9n se utilizaron otros elementos importantes, como su mezquita y los ba\u00f1os \u00e1rabes, durante el periodo almohade. Y a pesar de los m\u00faltiples derribos y del deterioro por el uso, la influencia \u00e1rabe permanece.&nbsp;<\/p>\n\n\n\n<p>Dir\u00edgete a la mezquita desde la t\u00edpica puerta almohade de la ciudad en forma de herradura. El tama\u00f1o del edificio puede confundirte, pero es un espacio impresionante que se refleja en su techo abovedado de altas nervaduras. Los arcos, el <em>mihrab<\/em>, la alfombra de oraci\u00f3n y la fuente para las abluciones son vestigios del dominio musulm\u00e1n. Aqu\u00ed tambi\u00e9n podr\u00e1s ver el altar creado en memoria de Santa Mar\u00eda del Alc\u00e1zar en 1248, cuando la mezquita se convirti\u00f3 en iglesia.&nbsp;<\/p>\n\n\n\n<p>En el exterior, el Palacio de Villavicencio ofrece un contraste arquitect\u00f3nico con el alminar, la torre desde la que se llamaba a la oraci\u00f3n. T\u00edpico edificio barroco, el edificio rosa est\u00e1 decorado con leones y grajos, ambos s\u00edmbolos de la realeza europea.&nbsp;&nbsp;<\/p>\n\n\n\n<p>Atraviesa el jard\u00edn y llegar\u00e1s a los ba\u00f1os \u00e1rabes, una de las partes mejor conservadas del Alc\u00e1zar. No te pierdas los peque\u00f1os detalles, como los orificios en forma de estrella utilizados para echar el vapor. La higiene personal es importante en el Islam, por lo que los ba\u00f1os eran lugares populares para limpiarse. Sin embargo, cumpl\u00edan una doble funci\u00f3n como punto de encuentro para socializar. Hoy en d\u00eda, los <em>hammams<\/em> se han vuelto m\u00e1s comunes en Occidente y se utilizan de forma muy parecida a como lo han hecho durante siglos en el mundo musulm\u00e1n.\u00a0<\/p>\n\n\n<div id=\"search-widget-overlay\" class=\"search-widget-overlay\">\r\n  <div class=\"search-widget-overlay__form\" data-search-widget-container>\r\n    <div class=\"search-widget-overlay__details\">\r\n      <button class=\"search-widget-overlay__close\" data-search-widget-close>\r\n        \u2715\r\n      <\/button>\r\n      <div class=\"search-widget-overlay__text\">\r\n        Jerez de la Frontera      <\/div>\r\n    <\/div>\r\n\r\n  <\/div>\r\n<\/div>\r\n\r\n<div class=\"search-widget-cta\">\r\n  <button class=\"search-widget-cta__button\" data-search-widget-cta>\r\n    Billetes a Jerez de la Frontera  <\/button>\r\n<\/div>\n\n\n<figure class=\"wp-block-gallery columns-1 is-cropped wp-block-gallery-2 is-layout-flex wp-block-gallery-is-layout-flex\"><ul class=\"blocks-gallery-grid\"><li class=\"blocks-gallery-item\"><figure><img decoding=\"async\" src=\"https:\/\/www.omio.es\/window-seat\/wp-content\/uploads\/2022\/04\/shutterstock_607821023-scaled.jpg\" alt=\"\" data-id=\"21067\" data-full-url=\"https:\/\/www.omio.es\/window-seat\/wp-content\/uploads\/2022\/04\/shutterstock_607821023-scaled.jpg\" data-link=\"https:\/\/www.omio.es\/window-seat\/?attachment_id=21067\" class=\"wp-image-21067\"\/><figcaption class=\"blocks-gallery-item__caption\">La torre de los Ponce de Le\u00f3n se construy\u00f3 como mazmorra para asegurar el Alc\u00e1zar mientras crec\u00eda la tensi\u00f3n entre la realeza castellana. <br>Foto: Shutterstock<\/figcaption><\/figure><\/li><\/ul><\/figure>\n\n\n\n<figure class=\"wp-block-gallery columns-2 is-cropped wp-block-gallery-3 is-layout-flex wp-block-gallery-is-layout-flex\"><ul class=\"blocks-gallery-grid\"><li class=\"blocks-gallery-item\"><figure><img decoding=\"async\" src=\"https:\/\/www.omio.es\/window-seat\/wp-content\/uploads\/2022\/04\/shutterstock_111654416-1-scaled.jpg\" alt=\"\" data-id=\"21073\" data-link=\"https:\/\/www.omio.es\/window-seat\/?attachment_id=21073\" class=\"wp-image-21073\"\/><figcaption class=\"blocks-gallery-item__caption\">Los arcos morunos y la fuente para las abluciones de la mezquita del Alc\u00e1zar son algunos de los vestigios de la dominaci\u00f3n musulmana. <br>Foto: Shutterstock<\/figcaption><\/figure><\/li><li class=\"blocks-gallery-item\"><figure><img decoding=\"async\" src=\"https:\/\/www.omio.es\/window-seat\/wp-content\/uploads\/2022\/04\/shutterstock_1651778917-scaled.jpg\" alt=\"\" data-id=\"21080\" data-full-url=\"https:\/\/www.omio.es\/window-seat\/wp-content\/uploads\/2022\/04\/shutterstock_1651778917-scaled.jpg\" data-link=\"https:\/\/www.omio.es\/window-seat\/?attachment_id=21080\" class=\"wp-image-21080\"\/><figcaption class=\"blocks-gallery-item__caption\">El palacio barroco de Villavicencio contrasta con el jard\u00edn \u00e1rabe. <br>Foto: Shutterstock<\/figcaption><\/figure><\/li><\/ul><\/figure>\n\n\n\n<h3 class=\"wp-block-heading\"><strong>Stavkirke, Noruega<\/strong><\/h3>\n\n\n\n<p>El cristianismo es la religi\u00f3n predominante en Europa, pero existen algunas variantes. Mientras que gran parte del sur de Europa es cat\u00f3lica, el centro y el norte se inclinan por el protestantismo. Liderada por el te\u00f3logo Mart\u00edn Lutero, que protestaba contra la &#8220;venta de indulgencias&#8221; utilizada para financiar a la Iglesia cat\u00f3lica, la Reforma Protestante se extendi\u00f3 por toda Europa en el siglo XVI y cambi\u00f3 la cultura para siempre.&nbsp;<\/p>\n\n\n\n<p>Esta nueva religi\u00f3n no tuvo una influencia crucial en la arquitectura cristiana en s\u00ed, aparte de algunos principios de dise\u00f1o que daban m\u00e1s prioridad al aspecto funcional del espacio religioso, haciendo hincapi\u00e9 en la modestia y la sencillez. Las iglesias protestantes eran ante todo lugares de reuni\u00f3n de los creyentes, muy lejanas a la magnificencia arquitect\u00f3nica de las bas\u00edlicas cat\u00f3licas.<\/p>\n\n\n\n<p>El uso de materiales como el ladrillo, la piedra y la madera es lo que distingue a las iglesias protestantes. Los mejores ejemplos de estas \u00faltimas se encuentran en Escandinavia, donde el entramado de madera era parte integral de la construcci\u00f3n de las iglesias. Aunque gran parte de Escandinavia es hoy secular, las iglesias de madera son piezas muy apreciadas de la <br>historia n\u00f3rdica.<\/p>\n\n\n\n<p>En Urnes (<a href=\"https:\/\/www.omio.es\/vuelos\/noruega?utm_source=omio-magazine&amp;utm_medium=magazine&amp;utm_campaign=May&amp;utm_content=Churches&amp;utm_term=ES_VuelosNoruega\" target=\"_blank\" rel=\"noreferrer noopener\">Noruega<\/a>) se encuentra la encantadora Stavkirke, declarada Patrimonio de la Humanidad por la UNESCO. Asentada en el fiordo Sognefjord, como un puente entre las eras pre y cristiana, esta reliquia cultural ofrece una mezcla perfecta de arquitectura romana y celta e influencias paganas,&nbsp; incluyendo decoraciones vikingas: tallas de madera con motivos inspirados en la naturaleza y los animales. Y dragones, por supuesto. Muchos dragones.<\/p>\n\n\n\n<p>F\u00edjate en la fachada exterior: las tallas vikingas ilustran un animal que muerde el cuello de un drag\u00f3n. El interior tambi\u00e9n es de madera: los pilares son troncos de \u00e1rboles y las tallas de madera muestran dragones y plantas. En el altar, se puede ver un candelabro con forma de barco vikingo con, s\u00ed, lo has adivinado: una cabeza de drag\u00f3n en el extremo. \u00a1No digas que no te avisamos!<\/p>\n\n\n\n<p>\u00bfSab\u00edas que no se utiliz\u00f3 ni un solo clavo en la construcci\u00f3n de la iglesia? Los vikingos manipularon la madera de forma que resistiera de forma natural el robusto clima del norte. Tambi\u00e9n destaca el dise\u00f1o de la escala inclinada del tejado para que la nieve se deslizase en lugar de amontonarse.\u00a0<\/p>\n\n\n<div id=\"search-widget-overlay\" class=\"search-widget-overlay\">\r\n  <div class=\"search-widget-overlay__form\" data-search-widget-container>\r\n    <div class=\"search-widget-overlay__details\">\r\n      <button class=\"search-widget-overlay__close\" data-search-widget-close>\r\n        \u2715\r\n      <\/button>\r\n      <div class=\"search-widget-overlay__text\">\r\n        Oslo      <\/div>\r\n    <\/div>\r\n\r\n  <\/div>\r\n<\/div>\r\n\r\n<div class=\"search-widget-cta\">\r\n  <button class=\"search-widget-cta__button\" data-search-widget-cta>\r\n    Viaggia a Oslo  <\/button>\r\n<\/div>\n\n\n<figure class=\"wp-block-gallery columns-1 is-cropped wp-block-gallery-4 is-layout-flex wp-block-gallery-is-layout-flex\"><ul class=\"blocks-gallery-grid\"><li class=\"blocks-gallery-item\"><figure><img decoding=\"async\" src=\"https:\/\/www.omio.es\/window-seat\/wp-content\/uploads\/2022\/04\/shutterstock_1168637572-scaled.jpg\" alt=\"\" data-id=\"21088\" data-full-url=\"https:\/\/www.omio.es\/window-seat\/wp-content\/uploads\/2022\/04\/shutterstock_1168637572-scaled.jpg\" data-link=\"https:\/\/www.omio.es\/window-seat\/?attachment_id=21088\" class=\"wp-image-21088\"\/><figcaption class=\"blocks-gallery-item__caption\">La iglesia de Urnes se alza en el impresionante fiordo de Sognefjord, en Noruega. <br>Foto: Shutterstock<\/figcaption><\/figure><\/li><\/ul><\/figure>\n\n\n\n<figure class=\"wp-block-gallery columns-2 wp-block-gallery-5 is-layout-flex wp-block-gallery-is-layout-flex\"><ul class=\"blocks-gallery-grid\"><li class=\"blocks-gallery-item\"><figure><img decoding=\"async\" src=\"https:\/\/www.omio.es\/window-seat\/wp-content\/uploads\/2022\/04\/shutterstock_5572133651-scaled.jpg\" alt=\"\" data-id=\"21101\" data-link=\"https:\/\/www.omio.es\/window-seat\/?attachment_id=21101\" class=\"wp-image-21101\"\/><figcaption class=\"blocks-gallery-item__caption\">El interior de la iglesia tambi\u00e9n est\u00e1 hecho de madera, mostrando la artesan\u00eda vikinga. <br>Foto: Shutterstock<\/figcaption><\/figure><\/li><li class=\"blocks-gallery-item\"><figure><img decoding=\"async\" src=\"https:\/\/www.omio.es\/window-seat\/wp-content\/uploads\/2022\/04\/shutterstock_1296178171-1-scaled.jpg\" alt=\"\" data-id=\"21108\" data-full-url=\"https:\/\/www.omio.es\/window-seat\/wp-content\/uploads\/2022\/04\/shutterstock_1296178171-1-scaled.jpg\" data-link=\"https:\/\/www.omio.es\/window-seat\/?attachment_id=21108\" class=\"wp-image-21108\"\/><figcaption class=\"blocks-gallery-item__caption\">Las tallas vikingas tradicionales sol\u00edan celebrar los animales y la naturaleza. Aqu\u00ed, un animal muerde el cuello de un drag\u00f3n. <br>Foto: Shutterstock<\/figcaption><\/figure><\/li><\/ul><\/figure>\n","protected":false},"excerpt":{"rendered":"<p>S\u00edmbolos del patrimonio europeo, las iglesias y catedrales son verdaderos testigos del tiempo, que reflejan la cultura y las costumbres a trav\u00e9s de su dise\u00f1o y arquitectura. Estos hitos hist\u00f3ricos nos trasladan a \u00e9pocas pasadas con sus agujas, mosaicos, c\u00fapulas, techos pintados y dem\u00e1s. Muchas iglesias y catedrales, que en su d\u00eda fueron meros lugares&hellip; <a class=\"more-link\" href=\"https:\/\/www.omio.es\/window-seat\/es\/historia-arte\/la-historia-de-europa-a-traves-de-sus-iglesias-y-catedrales-2\/\">Continue reading <span class=\"screen-reader-text\">La historia de Europa a trav\u00e9s de sus iglesias y catedrales<\/span><\/a><\/p>\n","protected":false},"author":10,"featured_media":11108,"comment_status":"open","ping_status":"open","sticky":false,"template":"","format":"standard","meta":{"_acf_changed":false,"inline_featured_image":false,"footnotes":""},"categories":[2009,2021],"tags":[],"position_ids":[],"class_list":["post-28645","post","type-post","status-publish","format-standard","has-post-thumbnail","hentry","category-historia-arte","category-monumentos-historicos","entry"],"acf":[],"yoast_head":"<!-- This site is optimized with the Yoast SEO plugin v24.9 - https:\/\/yoast.com\/wordpress\/plugins\/seo\/ -->\n<title>Historia viva: las catedrales de Europa | Omio<\/title>\n<meta name=\"description\" content=\"Descubre la belleza y la historia turbulenta de 3 monumentos que mezclan distintos elementos religiosos: rom\u00e1nico, g\u00f3tico, pagano y morisco.\" \/>\n<meta name=\"robots\" content=\"index, follow, max-snippet:-1, max-image-preview:large, max-video-preview:-1\" \/>\n<link rel=\"canonical\" href=\"https:\/\/www.omio.es\/window-seat\/historia-arte\/la-historia-de-europa-a-traves-de-sus-iglesias-y-catedrales-2\/\" \/>\n<meta property=\"og:locale\" content=\"en_US\" \/>\n<meta property=\"og:type\" content=\"article\" \/>\n<meta property=\"og:title\" content=\"Historia viva: las catedrales de Europa | Omio\" \/>\n<meta property=\"og:description\" content=\"Descubre la belleza y la historia turbulenta de 3 monumentos que mezclan distintos elementos religiosos: rom\u00e1nico, g\u00f3tico, pagano y morisco.\" \/>\n<meta property=\"og:url\" content=\"https:\/\/www.omio.es\/window-seat\/es\/historia-arte\/la-historia-de-europa-a-traves-de-sus-iglesias-y-catedrales-2\/\" \/>\n<meta property=\"og:site_name\" content=\"The Window Seat\" \/>\n<meta property=\"article:published_time\" content=\"2021-05-01T00:00:00+00:00\" \/>\n<meta property=\"article:modified_time\" content=\"2022-08-04T09:26:45+00:00\" \/>\n<meta property=\"og:image\" content=\"https:\/\/www.omio.es\/window-seat\/wp-content\/uploads\/2022\/04\/shutterstock_165530420-scaled.jpg\" \/>\n\t<meta property=\"og:image:width\" content=\"1707\" \/>\n\t<meta property=\"og:image:height\" content=\"2560\" \/>\n\t<meta property=\"og:image:type\" content=\"image\/jpeg\" \/>\n<meta name=\"author\" content=\"Melek Carkaci\" \/>\n<meta name=\"twitter:card\" content=\"summary_large_image\" \/>\n<meta name=\"twitter:label1\" content=\"Written by\" \/>\n\t<meta name=\"twitter:data1\" content=\"Melek Carkaci\" \/>\n\t<meta name=\"twitter:label2\" content=\"Est. reading time\" \/>\n\t<meta name=\"twitter:data2\" content=\"8 minutes\" \/>\n<script type=\"application\/ld+json\" class=\"yoast-schema-graph\">{\"@context\":\"https:\/\/schema.org\",\"@graph\":[{\"@type\":\"WebPage\",\"@id\":\"https:\/\/www.omio.es\/window-seat\/es\/historia-arte\/la-historia-de-europa-a-traves-de-sus-iglesias-y-catedrales-2\/\",\"url\":\"https:\/\/www.omio.es\/window-seat\/es\/historia-arte\/la-historia-de-europa-a-traves-de-sus-iglesias-y-catedrales-2\/\",\"name\":\"Historia viva: las catedrales de Europa | Omio\",\"isPartOf\":{\"@id\":\"https:\/\/www.omio.es\/window-seat\/#website\"},\"primaryImageOfPage\":{\"@id\":\"https:\/\/www.omio.es\/window-seat\/es\/historia-arte\/la-historia-de-europa-a-traves-de-sus-iglesias-y-catedrales-2\/#primaryimage\"},\"image\":{\"@id\":\"https:\/\/www.omio.es\/window-seat\/es\/historia-arte\/la-historia-de-europa-a-traves-de-sus-iglesias-y-catedrales-2\/#primaryimage\"},\"thumbnailUrl\":\"https:\/\/www.omio.es\/window-seat\/wp-content\/uploads\/2022\/04\/shutterstock_165530420-scaled.jpg\",\"datePublished\":\"2021-05-01T00:00:00+00:00\",\"dateModified\":\"2022-08-04T09:26:45+00:00\",\"author\":{\"@id\":\"https:\/\/www.omio.es\/window-seat\/#\/schema\/person\/aa26f7149b7e0fcab9c1c8c5713fd830\"},\"description\":\"Descubre la belleza y la historia turbulenta de 3 monumentos que mezclan distintos elementos religiosos: rom\u00e1nico, g\u00f3tico, pagano y morisco.\",\"breadcrumb\":{\"@id\":\"https:\/\/www.omio.es\/window-seat\/es\/historia-arte\/la-historia-de-europa-a-traves-de-sus-iglesias-y-catedrales-2\/#breadcrumb\"},\"inLanguage\":\"en-US\",\"potentialAction\":[{\"@type\":\"ReadAction\",\"target\":[\"https:\/\/www.omio.es\/window-seat\/es\/historia-arte\/la-historia-de-europa-a-traves-de-sus-iglesias-y-catedrales-2\/\"]}]},{\"@type\":\"ImageObject\",\"inLanguage\":\"en-US\",\"@id\":\"https:\/\/www.omio.es\/window-seat\/es\/historia-arte\/la-historia-de-europa-a-traves-de-sus-iglesias-y-catedrales-2\/#primaryimage\",\"url\":\"https:\/\/www.omio.es\/window-seat\/wp-content\/uploads\/2022\/04\/shutterstock_165530420-scaled.jpg\",\"contentUrl\":\"https:\/\/www.omio.es\/window-seat\/wp-content\/uploads\/2022\/04\/shutterstock_165530420-scaled.jpg\",\"width\":1707,\"height\":2560,\"caption\":\"This postmodernist bronze sculpture can be found on one of the doors to the Basilica Santa Maria degli Angeli e dei Martiri. Credit: Shutterstock\"},{\"@type\":\"BreadcrumbList\",\"@id\":\"https:\/\/www.omio.es\/window-seat\/es\/historia-arte\/la-historia-de-europa-a-traves-de-sus-iglesias-y-catedrales-2\/#breadcrumb\",\"itemListElement\":[{\"@type\":\"ListItem\",\"position\":1,\"name\":\"The Window Seat\",\"item\":\"https:\/\/www.omio.es\/window-seat\/\"},{\"@type\":\"ListItem\",\"position\":2,\"name\":\"History &amp; Art\",\"item\":\"https:\/\/www.omio.es\/window-seat\/history-art\/\"},{\"@type\":\"ListItem\",\"position\":3,\"name\":\"Historical Sites\",\"item\":\"https:\/\/www.omio.es\/window-seat\/history-art\/historical-sites\/\"},{\"@type\":\"ListItem\",\"position\":4,\"name\":\"La historia de Europa a trav\u00e9s de sus iglesias y catedrales\"}]},{\"@type\":\"WebSite\",\"@id\":\"https:\/\/www.omio.es\/window-seat\/#website\",\"url\":\"https:\/\/www.omio.es\/window-seat\/\",\"name\":\"The Window Seat\",\"description\":\"\",\"potentialAction\":[{\"@type\":\"SearchAction\",\"target\":{\"@type\":\"EntryPoint\",\"urlTemplate\":\"https:\/\/www.omio.es\/window-seat\/?s={search_term_string}\"},\"query-input\":{\"@type\":\"PropertyValueSpecification\",\"valueRequired\":true,\"valueName\":\"search_term_string\"}}],\"inLanguage\":\"en-US\"},{\"@type\":\"Person\",\"@id\":\"https:\/\/www.omio.es\/window-seat\/#\/schema\/person\/aa26f7149b7e0fcab9c1c8c5713fd830\",\"name\":\"Melek Carkaci\",\"image\":{\"@type\":\"ImageObject\",\"inLanguage\":\"en-US\",\"@id\":\"https:\/\/www.omio.es\/window-seat\/#\/schema\/person\/image\/\",\"url\":\"https:\/\/secure.gravatar.com\/avatar\/36a542faaab71cd0c5e28f4ef1b4a47a73c2555729dc68125edeea3f89dbe027?s=96&d=mm&r=g\",\"contentUrl\":\"https:\/\/secure.gravatar.com\/avatar\/36a542faaab71cd0c5e28f4ef1b4a47a73c2555729dc68125edeea3f89dbe027?s=96&d=mm&r=g\",\"caption\":\"Melek Carkaci\"}}]}<\/script>\n<!-- \/ Yoast SEO plugin. -->","yoast_head_json":{"title":"Historia viva: las catedrales de Europa | Omio","description":"Descubre la belleza y la historia turbulenta de 3 monumentos que mezclan distintos elementos religiosos: rom\u00e1nico, g\u00f3tico, pagano y morisco.","robots":{"index":"index","follow":"follow","max-snippet":"max-snippet:-1","max-image-preview":"max-image-preview:large","max-video-preview":"max-video-preview:-1"},"canonical":"https:\/\/www.omio.es\/window-seat\/historia-arte\/la-historia-de-europa-a-traves-de-sus-iglesias-y-catedrales-2\/","og_locale":"en_US","og_type":"article","og_title":"Historia viva: las catedrales de Europa | Omio","og_description":"Descubre la belleza y la historia turbulenta de 3 monumentos que mezclan distintos elementos religiosos: rom\u00e1nico, g\u00f3tico, pagano y morisco.","og_url":"https:\/\/www.omio.es\/window-seat\/es\/historia-arte\/la-historia-de-europa-a-traves-de-sus-iglesias-y-catedrales-2\/","og_site_name":"The Window Seat","article_published_time":"2021-05-01T00:00:00+00:00","article_modified_time":"2022-08-04T09:26:45+00:00","og_image":[{"width":1707,"height":2560,"url":"https:\/\/www.omio.es\/window-seat\/wp-content\/uploads\/2022\/04\/shutterstock_165530420-scaled.jpg","type":"image\/jpeg"}],"author":"Melek Carkaci","twitter_card":"summary_large_image","twitter_misc":{"Written by":"Melek Carkaci","Est. reading time":"8 minutes"},"schema":{"@context":"https:\/\/schema.org","@graph":[{"@type":"WebPage","@id":"https:\/\/www.omio.es\/window-seat\/es\/historia-arte\/la-historia-de-europa-a-traves-de-sus-iglesias-y-catedrales-2\/","url":"https:\/\/www.omio.es\/window-seat\/es\/historia-arte\/la-historia-de-europa-a-traves-de-sus-iglesias-y-catedrales-2\/","name":"Historia viva: las catedrales de Europa | Omio","isPartOf":{"@id":"https:\/\/www.omio.es\/window-seat\/#website"},"primaryImageOfPage":{"@id":"https:\/\/www.omio.es\/window-seat\/es\/historia-arte\/la-historia-de-europa-a-traves-de-sus-iglesias-y-catedrales-2\/#primaryimage"},"image":{"@id":"https:\/\/www.omio.es\/window-seat\/es\/historia-arte\/la-historia-de-europa-a-traves-de-sus-iglesias-y-catedrales-2\/#primaryimage"},"thumbnailUrl":"https:\/\/www.omio.es\/window-seat\/wp-content\/uploads\/2022\/04\/shutterstock_165530420-scaled.jpg","datePublished":"2021-05-01T00:00:00+00:00","dateModified":"2022-08-04T09:26:45+00:00","author":{"@id":"https:\/\/www.omio.es\/window-seat\/#\/schema\/person\/aa26f7149b7e0fcab9c1c8c5713fd830"},"description":"Descubre la belleza y la historia turbulenta de 3 monumentos que mezclan distintos elementos religiosos: rom\u00e1nico, g\u00f3tico, pagano y morisco.","breadcrumb":{"@id":"https:\/\/www.omio.es\/window-seat\/es\/historia-arte\/la-historia-de-europa-a-traves-de-sus-iglesias-y-catedrales-2\/#breadcrumb"},"inLanguage":"en-US","potentialAction":[{"@type":"ReadAction","target":["https:\/\/www.omio.es\/window-seat\/es\/historia-arte\/la-historia-de-europa-a-traves-de-sus-iglesias-y-catedrales-2\/"]}]},{"@type":"ImageObject","inLanguage":"en-US","@id":"https:\/\/www.omio.es\/window-seat\/es\/historia-arte\/la-historia-de-europa-a-traves-de-sus-iglesias-y-catedrales-2\/#primaryimage","url":"https:\/\/www.omio.es\/window-seat\/wp-content\/uploads\/2022\/04\/shutterstock_165530420-scaled.jpg","contentUrl":"https:\/\/www.omio.es\/window-seat\/wp-content\/uploads\/2022\/04\/shutterstock_165530420-scaled.jpg","width":1707,"height":2560,"caption":"This postmodernist bronze sculpture can be found on one of the doors to the Basilica Santa Maria degli Angeli e dei Martiri. Credit: Shutterstock"},{"@type":"BreadcrumbList","@id":"https:\/\/www.omio.es\/window-seat\/es\/historia-arte\/la-historia-de-europa-a-traves-de-sus-iglesias-y-catedrales-2\/#breadcrumb","itemListElement":[{"@type":"ListItem","position":1,"name":"The Window Seat","item":"https:\/\/www.omio.es\/window-seat\/"},{"@type":"ListItem","position":2,"name":"History &amp; Art","item":"https:\/\/www.omio.es\/window-seat\/history-art\/"},{"@type":"ListItem","position":3,"name":"Historical Sites","item":"https:\/\/www.omio.es\/window-seat\/history-art\/historical-sites\/"},{"@type":"ListItem","position":4,"name":"La historia de Europa a trav\u00e9s de sus iglesias y catedrales"}]},{"@type":"WebSite","@id":"https:\/\/www.omio.es\/window-seat\/#website","url":"https:\/\/www.omio.es\/window-seat\/","name":"The Window Seat","description":"","potentialAction":[{"@type":"SearchAction","target":{"@type":"EntryPoint","urlTemplate":"https:\/\/www.omio.es\/window-seat\/?s={search_term_string}"},"query-input":{"@type":"PropertyValueSpecification","valueRequired":true,"valueName":"search_term_string"}}],"inLanguage":"en-US"},{"@type":"Person","@id":"https:\/\/www.omio.es\/window-seat\/#\/schema\/person\/aa26f7149b7e0fcab9c1c8c5713fd830","name":"Melek Carkaci","image":{"@type":"ImageObject","inLanguage":"en-US","@id":"https:\/\/www.omio.es\/window-seat\/#\/schema\/person\/image\/","url":"https:\/\/secure.gravatar.com\/avatar\/36a542faaab71cd0c5e28f4ef1b4a47a73c2555729dc68125edeea3f89dbe027?s=96&d=mm&r=g","contentUrl":"https:\/\/secure.gravatar.com\/avatar\/36a542faaab71cd0c5e28f4ef1b4a47a73c2555729dc68125edeea3f89dbe027?s=96&d=mm&r=g","caption":"Melek Carkaci"}}]}},"_links":{"self":[{"href":"https:\/\/www.omio.es\/window-seat\/wp-json\/wp\/v2\/posts\/28645","targetHints":{"allow":["GET"]}}],"collection":[{"href":"https:\/\/www.omio.es\/window-seat\/wp-json\/wp\/v2\/posts"}],"about":[{"href":"https:\/\/www.omio.es\/window-seat\/wp-json\/wp\/v2\/types\/post"}],"author":[{"embeddable":true,"href":"https:\/\/www.omio.es\/window-seat\/wp-json\/wp\/v2\/users\/10"}],"replies":[{"embeddable":true,"href":"https:\/\/www.omio.es\/window-seat\/wp-json\/wp\/v2\/comments?post=28645"}],"version-history":[{"count":3,"href":"https:\/\/www.omio.es\/window-seat\/wp-json\/wp\/v2\/posts\/28645\/revisions"}],"predecessor-version":[{"id":36768,"href":"https:\/\/www.omio.es\/window-seat\/wp-json\/wp\/v2\/posts\/28645\/revisions\/36768"}],"wp:featuredmedia":[{"embeddable":true,"href":"https:\/\/www.omio.es\/window-seat\/wp-json\/wp\/v2\/media\/11108"}],"wp:attachment":[{"href":"https:\/\/www.omio.es\/window-seat\/wp-json\/wp\/v2\/media?parent=28645"}],"wp:term":[{"taxonomy":"category","embeddable":true,"href":"https:\/\/www.omio.es\/window-seat\/wp-json\/wp\/v2\/categories?post=28645"},{"taxonomy":"post_tag","embeddable":true,"href":"https:\/\/www.omio.es\/window-seat\/wp-json\/wp\/v2\/tags?post=28645"},{"taxonomy":"position_id","embeddable":true,"href":"https:\/\/www.omio.es\/window-seat\/wp-json\/wp\/v2\/position_ids?post=28645"}],"curies":[{"name":"wp","href":"https:\/\/api.w.org\/{rel}","templated":true}]}}