{"id":28853,"date":"2021-12-01T00:00:00","date_gmt":"2021-12-01T00:00:00","guid":{"rendered":"http:\/\/www.omio.es\/window-seat\/sin-categorizar\/y-tiro-porque-me-lleva-la-corriente-los-puentes-mas-especiales-de-europa"},"modified":"2022-08-04T09:27:57","modified_gmt":"2022-08-04T09:27:57","slug":"y-tiro-porque-me-lleva-la-corriente-los-puentes-mas-especiales-de-europa","status":"publish","type":"post","link":"https:\/\/www.omio.es\/window-seat\/es\/historia-arte\/y-tiro-porque-me-lleva-la-corriente-los-puentes-mas-especiales-de-europa\/","title":{"rendered":"Y tiro porque me lleva la corriente\u2014los puentes m\u00e1s especiales de Europa"},"content":{"rendered":"\n<p>Los humanos siempre hemos tenido la necesidad de explorar m\u00e1s all\u00e1 de nuestro entorno, aventurarnos en lo desconocido. Los puentes supusieron un acceso a otras tierras. De repente, la gente pod\u00eda cruzar grandes masas de agua, reduciendo las distancias y los peligros del viaje. Los primeros puentes fueron accidentes de la naturaleza, pero se mencionan por primera vez en la epopeya india del Ramayana. En Europa, los romanos, con sus avanzados conocimientos de ingenier\u00eda, construyeron puentes por todo su imperio, algunos de los cuales siguen en pie.&nbsp;&nbsp;&nbsp;<\/p>\n\n\n\n<p>Los puentes son algo m\u00e1s que una forma de cruzar de un lugar a otro, simbolizan unidad, amistad y aventura. Queremos rendir homenaje a estos robustos monumentos que nos facilitan la vida desde hace siglos, seleccionando los mejores puentes para visitar en Europa. Descubre qu\u00e9 los hace \u00fanicos, d\u00f3nde encontrarlos y c\u00f3mo aprovechar tu viaje.&nbsp;<\/p>\n\n\n\n<p><strong>Puente de la Capilla-Lucerna, Suiza<\/strong><\/p>\n\n\n\n<p>Construido hace casi 700 a\u00f1os como fortificaci\u00f3n, el Puente de la Capilla de Lucerna es el puente de madera m\u00e1s antiguo de Europa y, a pesar de haber sufrido un gran incendio en 1993, se reabri\u00f3 apenas un a\u00f1o despu\u00e9s. Cubre el r\u00edo Reuss, conectando la ciudad nueva de <a href=\"https:\/\/www.omio.es\/viajes\/lucerna?utm_source=omio-magazine&amp;utm_medium=magazine&amp;utm_campaign=December&amp;utm_content=Bridges&amp;utm_term=ES_ViajesLucerna\" target=\"_blank\" rel=\"noreferrer noopener\">Lucerna<\/a> con el casco antiguo medieval o Rathaus Quai.<\/p>\n\n\n<div id=\"search-widget-overlay\" class=\"search-widget-overlay\">\r\n  <div class=\"search-widget-overlay__form\" data-search-widget-container>\r\n    <div class=\"search-widget-overlay__details\">\r\n      <button class=\"search-widget-overlay__close\" data-search-widget-close>\r\n        \u2715\r\n      <\/button>\r\n      <div class=\"search-widget-overlay__text\">\r\n        Lucerna      <\/div>\r\n    <\/div>\r\n\r\n  <\/div>\r\n<\/div>\r\n\r\n<div class=\"search-widget-cta\">\r\n  <button class=\"search-widget-cta__button\" data-search-widget-cta>\r\n    Billetes a Lucerna  <\/button>\r\n<\/div>\n\n\n<figure class=\"wp-block-gallery has-nested-images columns-default is-cropped wp-block-gallery-1 is-layout-flex wp-block-gallery-is-layout-flex\">\n<figure class=\"wp-block-image size-large\"><img decoding=\"async\" data-id=\"29312\" src=\"https:\/\/www.omio.es\/window-seat\/wp-content\/uploads\/2022\/04\/shutterstock_1253697109_Lucerne-Switzerland-historical-Old-Town-with-wooden-Chapel-Bridge.jpg\" alt=\"\" class=\"wp-image-29312\"\/><figcaption>La Torre del Agua es anterior al Puente de la Capilla de Lucerna y es el hogar de una familia de vencejos alpinos. Foto: Shutterstock<\/figcaption><\/figure>\n<\/figure>\n\n\n\n<p>Si caminas por el interior del puente, podr\u00e1s contemplar los murales del siglo XVII de Renward Cysat, el cronista de la ciudad. Un siglo despu\u00e9s, en 1726, los lugare\u00f1os tuvieron que designar a un vigilante para proteger las pinturas de los j\u00f3venes v\u00e1ndalos. \u00a1Para que luego digan de la Generaci\u00f3n Z! El puente cuenta con su propia torre de agua, construida 30 a\u00f1os antes para albergar un archivo y una prisi\u00f3n. Si miras a la azotea de esta estructura octogonal, puede que veas a los vencejos alpinos que la habitan desde hace d\u00e9cadas.<\/p>\n\n\n\n<figure class=\"wp-block-gallery has-nested-images columns-default is-cropped wp-block-gallery-2 is-layout-flex wp-block-gallery-is-layout-flex\">\n<figure class=\"wp-block-image size-large\"><img decoding=\"async\" data-id=\"29318\" src=\"https:\/\/www.omio.es\/window-seat\/wp-content\/uploads\/2022\/04\/editorial_shutterstock_1453079540_lucerne.jpg\" alt=\"\" class=\"wp-image-29318\"\/><figcaption>Como un libro abierto: descubre la historia de Suiza admirando los murales de Renward Cysat en el interior del puente. Foto: Shutterstock<\/figcaption><\/figure>\n<\/figure>\n\n\n\n<p><strong>Puente de los Mercaderes-Erfurt, Alemania<\/strong><\/p>\n\n\n\n<p>El Kr\u00e4merbr\u00fccke, como se llama en alem\u00e1n, es el puente habitado m\u00e1s largo de Europa, y es un espect\u00e1culo para la vista. Inicialmente de madera, fue reforzado con piedra en 1325, cuando <a href=\"https:\/\/www.omio.es\/viajes\/erfurt?utm_source=omio-magazine&amp;utm_medium=magazine&amp;utm_campaign=December&amp;utm_content=Bridges&amp;utm_term=ES_ViajesErfurt\" target=\"_blank\" rel=\"noreferrer noopener\">Erfurt<\/a> era una popular ciudad comercial en la Edad Media. Conecta el casco antiguo, con su Ayuntamiento neog\u00f3tico, sus edificios renacentistas y sus espacios verdes, con la imponente \u00c4gidienkirche, de 33 metros de alto, en el este.<\/p>\n\n\n<div id=\"search-widget-overlay\" class=\"search-widget-overlay\">\r\n  <div class=\"search-widget-overlay__form\" data-search-widget-container>\r\n    <div class=\"search-widget-overlay__details\">\r\n      <button class=\"search-widget-overlay__close\" data-search-widget-close>\r\n        \u2715\r\n      <\/button>\r\n      <div class=\"search-widget-overlay__text\">\r\n        Erfurt      <\/div>\r\n    <\/div>\r\n\r\n  <\/div>\r\n<\/div>\r\n\r\n<div class=\"search-widget-cta\">\r\n  <button class=\"search-widget-cta__button\" data-search-widget-cta>\r\n    Billetes a Erfurt  <\/button>\r\n<\/div>\n\n\n<figure class=\"wp-block-gallery has-nested-images columns-default is-cropped wp-block-gallery-3 is-layout-flex wp-block-gallery-is-layout-flex\">\n<figure class=\"wp-block-image size-large\"><img decoding=\"async\" data-id=\"29325\" src=\"https:\/\/www.omio.es\/window-seat\/wp-content\/uploads\/2022\/04\/shutterstock_2037315176_erfurt.jpg\" alt=\"\" class=\"wp-image-29325\"\/><figcaption>El Puente de los Mercaderes es una obra maestra de la ingenier\u00eda. Foto: Shutterstock<\/figcaption><\/figure>\n<\/figure>\n\n\n\n<p>Si cruzas el puente, lo encontrar\u00e1s repleto de galer\u00edas, caf\u00e9s y boutiques en las que podr\u00e1s comprar artesan\u00eda original y local, como los tejidos azules de Turingia o cristaler\u00eda soplada a mano. El puente forma parte de la Via Regia, una antigua ruta militar y comercial.<\/p>\n\n\n\n<p><strong>Puente Nuevo\u2014Ronda<\/strong><\/p>\n\n\n\n<p>El Puente Nuevo de Ronda es una magn\u00edfica reconstrucci\u00f3n de un puente anterior que se derrumb\u00f3 en 1741 y mat\u00f3 a 50 personas. Por suerte, los ingenieros del siglo XVIII, dirigidos por el arquitecto Jos\u00e9 Mart\u00edn de Aldehuela, aprendieron de los errores de sus predecesores y dise\u00f1aron un puente con un arco m\u00e1s peque\u00f1o que no se pod\u00eda derrumbar con tanta facilidad. Cuenta la leyenda que de Aldehuela salt\u00f3 del puente cuando se dio cuenta de que nunca m\u00e1s podr\u00eda construir algo tan bello.<\/p>\n\n\n<div id=\"search-widget-overlay\" class=\"search-widget-overlay\">\r\n  <div class=\"search-widget-overlay__form\" data-search-widget-container>\r\n    <div class=\"search-widget-overlay__details\">\r\n      <button class=\"search-widget-overlay__close\" data-search-widget-close>\r\n        \u2715\r\n      <\/button>\r\n      <div class=\"search-widget-overlay__text\">\r\n        Ronda      <\/div>\r\n    <\/div>\r\n\r\n  <\/div>\r\n<\/div>\r\n\r\n<div class=\"search-widget-cta\">\r\n  <button class=\"search-widget-cta__button\" data-search-widget-cta>\r\n    Billetes a Ronda  <\/button>\r\n<\/div>\n\n\n<figure class=\"wp-block-gallery has-nested-images columns-default is-cropped wp-block-gallery-4 is-layout-flex wp-block-gallery-is-layout-flex\">\n<figure class=\"wp-block-image size-large\"><img decoding=\"async\" data-id=\"29331\" src=\"https:\/\/www.omio.es\/window-seat\/wp-content\/uploads\/2022\/04\/shutterstock_1297687768_ronda.jpg\" alt=\"\" class=\"wp-image-29331\"\/><figcaption>Vista de p\u00e1jaro de la preciosa Ronda, con la plaza de toros a la izquierda y el llamativo Puente Nuevo en el centro. Foto: Shutterstock<\/figcaption><\/figure>\n<\/figure>\n\n\n\n<p>Es tan llamativo por la forma en que parece fundirse con las paredes del acantilado sobre el estrecho desfiladero del Tajo. El puente tiene 70 metros de longitud y 98 de altura sobre el r\u00edo Guadalev\u00edn (<em>Wadi-al-Labaiem<\/em> o &#8220;r\u00edo de la leche&#8221; en \u00e1rabe), y conecta el casco antiguo con el centro m\u00e1s moderno de <a href=\"https:\/\/www.omio.es\/viajes\/ronda?utm_source=omio-magazine&amp;utm_medium=magazine&amp;utm_campaign=December&amp;utm_content=Bridges&amp;utm_term=ES_ViajesRonda\" target=\"_blank\" rel=\"noreferrer noopener\">Ronda<\/a>. Ha inspirado a escritores y cantantes, como Ernest Hemingway, que incluy\u00f3 el puente en &#8220;Por qui\u00e9n doblan las campanas&#8221;, y es una de las partes m\u00e1s <em>instagrameables<\/em> de la legendaria ciudad blanca.<\/p>\n\n\n\n<p><strong>Puente UFO-Bratislava, Eslovaquia<\/strong><\/p>\n\n\n\n<p>El puente de los mil nombres, Novy Most (Puente Nuevo), SNP Most (Puente del Levantamiento Nacional Eslovaco) y Puente UFO es el s\u00e9ptimo puente colgante m\u00e1s grande del mundo. A pesar de su aspecto futurista, se construy\u00f3 en 1972 para a\u00f1adir un segundo cruce del Danubio, y conecta el casco antiguo con Petrzalka, el mayor distrito residencial de la ciudad. El puente cuenta con una torre de 95 metros de altura con una ic\u00f3nica c\u00fapula en forma de ovni (parece sacado de una pel\u00edcula de ciencia ficci\u00f3n de los a\u00f1os 50) que rivaliza con el Castillo de <a href=\"https:\/\/www.omio.es\/viajes\/bratislava?utm_source=omio-magazine&amp;utm_medium=magazine&amp;utm_campaign=December&amp;utm_content=Bridges&amp;utm_term=ES_ViajesBratislava\" target=\"_blank\" rel=\"noreferrer noopener\">Bratislava<\/a> <br>en cuanto a visitantes.<\/p>\n\n\n<div id=\"search-widget-overlay\" class=\"search-widget-overlay\">\r\n  <div class=\"search-widget-overlay__form\" data-search-widget-container>\r\n    <div class=\"search-widget-overlay__details\">\r\n      <button class=\"search-widget-overlay__close\" data-search-widget-close>\r\n        \u2715\r\n      <\/button>\r\n      <div class=\"search-widget-overlay__text\">\r\n        Bratislava      <\/div>\r\n    <\/div>\r\n\r\n  <\/div>\r\n<\/div>\r\n\r\n<div class=\"search-widget-cta\">\r\n  <button class=\"search-widget-cta__button\" data-search-widget-cta>\r\n    Billetes a Bratislava  <\/button>\r\n<\/div>\n\n\n<figure class=\"wp-block-gallery has-nested-images columns-default is-cropped wp-block-gallery-5 is-layout-flex wp-block-gallery-is-layout-flex\">\n<figure class=\"wp-block-image size-large\"><img decoding=\"async\" data-id=\"29338\" src=\"https:\/\/www.omio.es\/window-seat\/wp-content\/uploads\/2022\/04\/shutterstock_333273344_Bratislava.jpg\" alt=\"\" class=\"wp-image-29338\"\/><figcaption>Listo para el despegue: el puente UFO en Bratislava parece sacado de &#8220;Expediente X&#8221;. Foto: Shutterstock<\/figcaption><\/figure>\n<\/figure>\n\n\n\n<p>Dir\u00edgete al ascensor situado en una de las &#8220;patas&#8221; de la torre y sube hasta la plataforma de observaci\u00f3n en solo 45 segundos. La recompensa son unas vistas insuperables de los Alpes austriacos, as\u00ed como un bar y restaurante. \u00a1Es lo m\u00e1s parecido a tomar una copa en el <br>espacio exterior!<\/p>\n\n\n\n<figure class=\"wp-block-gallery has-nested-images columns-default is-cropped wp-block-gallery-6 is-layout-flex wp-block-gallery-is-layout-flex\">\n<figure class=\"wp-block-image size-large\"><img decoding=\"async\" data-id=\"29344\" src=\"https:\/\/www.omio.es\/window-seat\/wp-content\/uploads\/2022\/04\/shutterstock_375922615_bratislava.jpg\" alt=\"\" class=\"wp-image-29344\"\/><figcaption>Un oc\u00e9ano de tejados rojos: la vista desde el puente del UFO muestra la cara austriaca de las monta\u00f1as. Foto: Shutterstock<\/figcaption><\/figure>\n<\/figure>\n\n\n\n<p><strong>Viaducto de Millau-Aveyron, Francia<\/strong><\/p>\n\n\n\n<p>El viaducto de Millau es una moderna maravilla de la ingenier\u00eda, ya que es el puente m\u00e1s alto del mundo. Con una altura de m\u00e1s de 335 metros y una longitud de 2,5 kil\u00f3metros, parece milagroso que solo toque el suelo en nueve puntos. El ingeniero Michel Virlogeux y el afamado arquitecto brit\u00e1nico Norman Foster quer\u00edan construir algo que se fundiera perfectamente con la naturaleza, y el resultado es una calzada muy fina que parece un enorme yate. El puente se encuentra en la autopista A75, tambi\u00e9n conocida como La M\u00e9ridienne, una ruta que conecta Par\u00eds con la costa mediterr\u00e1nea de Francia.<\/p>\n\n\n<div id=\"search-widget-overlay\" class=\"search-widget-overlay\">\r\n  <div class=\"search-widget-overlay__form\" data-search-widget-container>\r\n    <div class=\"search-widget-overlay__details\">\r\n      <button class=\"search-widget-overlay__close\" data-search-widget-close>\r\n        \u2715\r\n      <\/button>\r\n      <div class=\"search-widget-overlay__text\">\r\n        Aveyron      <\/div>\r\n    <\/div>\r\n\r\n  <\/div>\r\n<\/div>\r\n\r\n<div class=\"search-widget-cta\">\r\n  <button class=\"search-widget-cta__button\" data-search-widget-cta>\r\n    Billetes a Aveyron  <\/button>\r\n<\/div>\n\n\n<figure class=\"wp-block-gallery has-nested-images columns-default is-cropped wp-block-gallery-7 is-layout-flex wp-block-gallery-is-layout-flex\">\n<figure class=\"wp-block-image size-large\"><img decoding=\"async\" data-id=\"29351\" src=\"https:\/\/www.omio.es\/window-seat\/wp-content\/uploads\/2022\/04\/shutterstock_113358064_Millau_viaduct_Aveyron.jpg\" alt=\"\" class=\"wp-image-29351\"\/><figcaption>A toda vela: el impresionante viaducto de Millau parece un enorme yate. Foto: Shutterstock<\/figcaption><\/figure>\n<\/figure>\n\n\n\n<p>Atravesando el valle del Tarn, el puente est\u00e1 rodeado de encantadores pueblos y ciudades que merece la pena visitar, como Peyre, que es uno de los pueblos m\u00e1s bonitos de Francia, y Millau, meca de los deportes al aire libre. Pero el mejor lugar para admirar el viaducto es la Ferme Caussenarde, en el \u00e1rea de servicio m\u00e1s cercana. Esta antigua granja cuenta con un centro de informaci\u00f3n tur\u00edstica y un museo. No te pierdas los <em>capucines<\/em> del chef Michel Bras, con estrella Michel\u00edn, en el Espace Gourmand Capucin, que tiene vistas al viaducto.<\/p>\n","protected":false},"excerpt":{"rendered":"<p>Los humanos siempre hemos tenido la necesidad de explorar m\u00e1s all\u00e1 de nuestro entorno, aventurarnos en lo desconocido. Los puentes supusieron un acceso a otras tierras. De repente, la gente pod\u00eda cruzar grandes masas de agua, reduciendo las distancias y los peligros del viaje. Los primeros puentes fueron accidentes de la naturaleza, pero se mencionan&hellip; <a class=\"more-link\" href=\"https:\/\/www.omio.es\/window-seat\/es\/historia-arte\/y-tiro-porque-me-lleva-la-corriente-los-puentes-mas-especiales-de-europa\/\">Continue reading <span class=\"screen-reader-text\">Y tiro porque me lleva la corriente\u2014los puentes m\u00e1s especiales de Europa<\/span><\/a><\/p>\n","protected":false},"author":6,"featured_media":14155,"comment_status":"open","ping_status":"open","sticky":false,"template":"","format":"standard","meta":{"_acf_changed":false,"inline_featured_image":false,"footnotes":""},"categories":[2025,2009],"tags":[],"position_ids":[],"class_list":["post-28853","post","type-post","status-publish","format-standard","has-post-thumbnail","hentry","category-arquitectura","category-historia-arte","entry"],"acf":[],"yoast_head":"<!-- This site is optimized with the Yoast SEO plugin v24.9 - https:\/\/yoast.com\/wordpress\/plugins\/seo\/ -->\n<title>El Puente Nuevo de Ronda y otros puentes europeos | Omio<\/title>\n<meta name=\"description\" content=\"Descubra los puentes m\u00e1s bonitos de Europa en tu pr\u00f3ximo viaje. 1.Viaducto de Millau 2.Puente de madera Kapellbr\u00fccke (Puente de Lucerna)...\" \/>\n<meta name=\"robots\" content=\"index, follow, max-snippet:-1, max-image-preview:large, max-video-preview:-1\" \/>\n<link rel=\"canonical\" href=\"https:\/\/www.omio.es\/window-seat\/historia-arte\/y-tiro-porque-me-lleva-la-corriente-los-puentes-mas-especiales-de-europa\/\" \/>\n<meta property=\"og:locale\" content=\"en_US\" \/>\n<meta property=\"og:type\" content=\"article\" \/>\n<meta property=\"og:title\" content=\"El Puente Nuevo de Ronda y otros puentes europeos | Omio\" \/>\n<meta property=\"og:description\" content=\"Descubra los puentes m\u00e1s bonitos de Europa en tu pr\u00f3ximo viaje. 1.Viaducto de Millau 2.Puente de madera Kapellbr\u00fccke (Puente de Lucerna)...\" \/>\n<meta property=\"og:url\" content=\"https:\/\/www.omio.es\/window-seat\/es\/historia-arte\/y-tiro-porque-me-lleva-la-corriente-los-puentes-mas-especiales-de-europa\/\" \/>\n<meta property=\"og:site_name\" content=\"The Window Seat\" \/>\n<meta property=\"article:published_time\" content=\"2021-12-01T00:00:00+00:00\" \/>\n<meta property=\"article:modified_time\" content=\"2022-08-04T09:27:57+00:00\" \/>\n<meta property=\"og:image\" content=\"https:\/\/www.omio.es\/window-seat\/wp-content\/uploads\/2022\/04\/shutterstock_1253334145_Ronda-1.jpg\" \/>\n\t<meta property=\"og:image:width\" content=\"1900\" \/>\n\t<meta property=\"og:image:height\" content=\"1267\" \/>\n\t<meta property=\"og:image:type\" content=\"image\/jpeg\" \/>\n<meta name=\"author\" content=\"Shandana A. Durrani\" \/>\n<meta name=\"twitter:card\" content=\"summary_large_image\" \/>\n<meta name=\"twitter:label1\" content=\"Written by\" \/>\n\t<meta name=\"twitter:data1\" content=\"Shandana A. Durrani\" \/>\n\t<meta name=\"twitter:label2\" content=\"Est. reading time\" \/>\n\t<meta name=\"twitter:data2\" content=\"6 minutes\" \/>\n<script type=\"application\/ld+json\" class=\"yoast-schema-graph\">{\"@context\":\"https:\/\/schema.org\",\"@graph\":[{\"@type\":\"WebPage\",\"@id\":\"https:\/\/www.omio.es\/window-seat\/es\/historia-arte\/y-tiro-porque-me-lleva-la-corriente-los-puentes-mas-especiales-de-europa\/\",\"url\":\"https:\/\/www.omio.es\/window-seat\/es\/historia-arte\/y-tiro-porque-me-lleva-la-corriente-los-puentes-mas-especiales-de-europa\/\",\"name\":\"El Puente Nuevo de Ronda y otros puentes europeos | Omio\",\"isPartOf\":{\"@id\":\"https:\/\/www.omio.es\/window-seat\/#website\"},\"primaryImageOfPage\":{\"@id\":\"https:\/\/www.omio.es\/window-seat\/es\/historia-arte\/y-tiro-porque-me-lleva-la-corriente-los-puentes-mas-especiales-de-europa\/#primaryimage\"},\"image\":{\"@id\":\"https:\/\/www.omio.es\/window-seat\/es\/historia-arte\/y-tiro-porque-me-lleva-la-corriente-los-puentes-mas-especiales-de-europa\/#primaryimage\"},\"thumbnailUrl\":\"https:\/\/www.omio.es\/window-seat\/wp-content\/uploads\/2022\/04\/shutterstock_1253334145_Ronda-1.jpg\",\"datePublished\":\"2021-12-01T00:00:00+00:00\",\"dateModified\":\"2022-08-04T09:27:57+00:00\",\"author\":{\"@id\":\"https:\/\/www.omio.es\/window-seat\/#\/schema\/person\/81210fb35284060e7a6c47d3af159bf5\"},\"description\":\"Descubra los puentes m\u00e1s bonitos de Europa en tu pr\u00f3ximo viaje. 1.Viaducto de Millau 2.Puente de madera Kapellbr\u00fccke (Puente de Lucerna)...\",\"breadcrumb\":{\"@id\":\"https:\/\/www.omio.es\/window-seat\/es\/historia-arte\/y-tiro-porque-me-lleva-la-corriente-los-puentes-mas-especiales-de-europa\/#breadcrumb\"},\"inLanguage\":\"en-US\",\"potentialAction\":[{\"@type\":\"ReadAction\",\"target\":[\"https:\/\/www.omio.es\/window-seat\/es\/historia-arte\/y-tiro-porque-me-lleva-la-corriente-los-puentes-mas-especiales-de-europa\/\"]}]},{\"@type\":\"ImageObject\",\"inLanguage\":\"en-US\",\"@id\":\"https:\/\/www.omio.es\/window-seat\/es\/historia-arte\/y-tiro-porque-me-lleva-la-corriente-los-puentes-mas-especiales-de-europa\/#primaryimage\",\"url\":\"https:\/\/www.omio.es\/window-seat\/wp-content\/uploads\/2022\/04\/shutterstock_1253334145_Ronda-1.jpg\",\"contentUrl\":\"https:\/\/www.omio.es\/window-seat\/wp-content\/uploads\/2022\/04\/shutterstock_1253334145_Ronda-1.jpg\",\"width\":1900,\"height\":1267,\"caption\":\"The light reflects on the Puente Nuevo in Ronda, Spain, making it appear more merged into the cliffs around it. Credit: Shutterstock\"},{\"@type\":\"BreadcrumbList\",\"@id\":\"https:\/\/www.omio.es\/window-seat\/es\/historia-arte\/y-tiro-porque-me-lleva-la-corriente-los-puentes-mas-especiales-de-europa\/#breadcrumb\",\"itemListElement\":[{\"@type\":\"ListItem\",\"position\":1,\"name\":\"The Window Seat\",\"item\":\"https:\/\/www.omio.es\/window-seat\/\"},{\"@type\":\"ListItem\",\"position\":2,\"name\":\"History &amp; Art\",\"item\":\"https:\/\/www.omio.es\/window-seat\/history-art\/\"},{\"@type\":\"ListItem\",\"position\":3,\"name\":\"Architecture\",\"item\":\"https:\/\/www.omio.es\/window-seat\/history-art\/architecture-2\/\"},{\"@type\":\"ListItem\",\"position\":4,\"name\":\"Y tiro porque me lleva la corriente\u2014los puentes m\u00e1s especiales de Europa\"}]},{\"@type\":\"WebSite\",\"@id\":\"https:\/\/www.omio.es\/window-seat\/#website\",\"url\":\"https:\/\/www.omio.es\/window-seat\/\",\"name\":\"The Window Seat\",\"description\":\"\",\"potentialAction\":[{\"@type\":\"SearchAction\",\"target\":{\"@type\":\"EntryPoint\",\"urlTemplate\":\"https:\/\/www.omio.es\/window-seat\/?s={search_term_string}\"},\"query-input\":{\"@type\":\"PropertyValueSpecification\",\"valueRequired\":true,\"valueName\":\"search_term_string\"}}],\"inLanguage\":\"en-US\"},{\"@type\":\"Person\",\"@id\":\"https:\/\/www.omio.es\/window-seat\/#\/schema\/person\/81210fb35284060e7a6c47d3af159bf5\",\"name\":\"Shandana A. Durrani\",\"image\":{\"@type\":\"ImageObject\",\"inLanguage\":\"en-US\",\"@id\":\"https:\/\/www.omio.es\/window-seat\/#\/schema\/person\/image\/\",\"url\":\"https:\/\/secure.gravatar.com\/avatar\/476113e9842659b58c1663ada1d6b2f26e3e82e6dc8cc78268a787224b92d765?s=96&d=mm&r=g\",\"contentUrl\":\"https:\/\/secure.gravatar.com\/avatar\/476113e9842659b58c1663ada1d6b2f26e3e82e6dc8cc78268a787224b92d765?s=96&d=mm&r=g\",\"caption\":\"Shandana A. Durrani\"}}]}<\/script>\n<!-- \/ Yoast SEO plugin. -->","yoast_head_json":{"title":"El Puente Nuevo de Ronda y otros puentes europeos | Omio","description":"Descubra los puentes m\u00e1s bonitos de Europa en tu pr\u00f3ximo viaje. 1.Viaducto de Millau 2.Puente de madera Kapellbr\u00fccke (Puente de Lucerna)...","robots":{"index":"index","follow":"follow","max-snippet":"max-snippet:-1","max-image-preview":"max-image-preview:large","max-video-preview":"max-video-preview:-1"},"canonical":"https:\/\/www.omio.es\/window-seat\/historia-arte\/y-tiro-porque-me-lleva-la-corriente-los-puentes-mas-especiales-de-europa\/","og_locale":"en_US","og_type":"article","og_title":"El Puente Nuevo de Ronda y otros puentes europeos | Omio","og_description":"Descubra los puentes m\u00e1s bonitos de Europa en tu pr\u00f3ximo viaje. 1.Viaducto de Millau 2.Puente de madera Kapellbr\u00fccke (Puente de Lucerna)...","og_url":"https:\/\/www.omio.es\/window-seat\/es\/historia-arte\/y-tiro-porque-me-lleva-la-corriente-los-puentes-mas-especiales-de-europa\/","og_site_name":"The Window Seat","article_published_time":"2021-12-01T00:00:00+00:00","article_modified_time":"2022-08-04T09:27:57+00:00","og_image":[{"width":1900,"height":1267,"url":"https:\/\/www.omio.es\/window-seat\/wp-content\/uploads\/2022\/04\/shutterstock_1253334145_Ronda-1.jpg","type":"image\/jpeg"}],"author":"Shandana A. Durrani","twitter_card":"summary_large_image","twitter_misc":{"Written by":"Shandana A. Durrani","Est. reading time":"6 minutes"},"schema":{"@context":"https:\/\/schema.org","@graph":[{"@type":"WebPage","@id":"https:\/\/www.omio.es\/window-seat\/es\/historia-arte\/y-tiro-porque-me-lleva-la-corriente-los-puentes-mas-especiales-de-europa\/","url":"https:\/\/www.omio.es\/window-seat\/es\/historia-arte\/y-tiro-porque-me-lleva-la-corriente-los-puentes-mas-especiales-de-europa\/","name":"El Puente Nuevo de Ronda y otros puentes europeos | Omio","isPartOf":{"@id":"https:\/\/www.omio.es\/window-seat\/#website"},"primaryImageOfPage":{"@id":"https:\/\/www.omio.es\/window-seat\/es\/historia-arte\/y-tiro-porque-me-lleva-la-corriente-los-puentes-mas-especiales-de-europa\/#primaryimage"},"image":{"@id":"https:\/\/www.omio.es\/window-seat\/es\/historia-arte\/y-tiro-porque-me-lleva-la-corriente-los-puentes-mas-especiales-de-europa\/#primaryimage"},"thumbnailUrl":"https:\/\/www.omio.es\/window-seat\/wp-content\/uploads\/2022\/04\/shutterstock_1253334145_Ronda-1.jpg","datePublished":"2021-12-01T00:00:00+00:00","dateModified":"2022-08-04T09:27:57+00:00","author":{"@id":"https:\/\/www.omio.es\/window-seat\/#\/schema\/person\/81210fb35284060e7a6c47d3af159bf5"},"description":"Descubra los puentes m\u00e1s bonitos de Europa en tu pr\u00f3ximo viaje. 1.Viaducto de Millau 2.Puente de madera Kapellbr\u00fccke (Puente de Lucerna)...","breadcrumb":{"@id":"https:\/\/www.omio.es\/window-seat\/es\/historia-arte\/y-tiro-porque-me-lleva-la-corriente-los-puentes-mas-especiales-de-europa\/#breadcrumb"},"inLanguage":"en-US","potentialAction":[{"@type":"ReadAction","target":["https:\/\/www.omio.es\/window-seat\/es\/historia-arte\/y-tiro-porque-me-lleva-la-corriente-los-puentes-mas-especiales-de-europa\/"]}]},{"@type":"ImageObject","inLanguage":"en-US","@id":"https:\/\/www.omio.es\/window-seat\/es\/historia-arte\/y-tiro-porque-me-lleva-la-corriente-los-puentes-mas-especiales-de-europa\/#primaryimage","url":"https:\/\/www.omio.es\/window-seat\/wp-content\/uploads\/2022\/04\/shutterstock_1253334145_Ronda-1.jpg","contentUrl":"https:\/\/www.omio.es\/window-seat\/wp-content\/uploads\/2022\/04\/shutterstock_1253334145_Ronda-1.jpg","width":1900,"height":1267,"caption":"The light reflects on the Puente Nuevo in Ronda, Spain, making it appear more merged into the cliffs around it. Credit: Shutterstock"},{"@type":"BreadcrumbList","@id":"https:\/\/www.omio.es\/window-seat\/es\/historia-arte\/y-tiro-porque-me-lleva-la-corriente-los-puentes-mas-especiales-de-europa\/#breadcrumb","itemListElement":[{"@type":"ListItem","position":1,"name":"The Window Seat","item":"https:\/\/www.omio.es\/window-seat\/"},{"@type":"ListItem","position":2,"name":"History &amp; Art","item":"https:\/\/www.omio.es\/window-seat\/history-art\/"},{"@type":"ListItem","position":3,"name":"Architecture","item":"https:\/\/www.omio.es\/window-seat\/history-art\/architecture-2\/"},{"@type":"ListItem","position":4,"name":"Y tiro porque me lleva la corriente\u2014los puentes m\u00e1s especiales de Europa"}]},{"@type":"WebSite","@id":"https:\/\/www.omio.es\/window-seat\/#website","url":"https:\/\/www.omio.es\/window-seat\/","name":"The Window Seat","description":"","potentialAction":[{"@type":"SearchAction","target":{"@type":"EntryPoint","urlTemplate":"https:\/\/www.omio.es\/window-seat\/?s={search_term_string}"},"query-input":{"@type":"PropertyValueSpecification","valueRequired":true,"valueName":"search_term_string"}}],"inLanguage":"en-US"},{"@type":"Person","@id":"https:\/\/www.omio.es\/window-seat\/#\/schema\/person\/81210fb35284060e7a6c47d3af159bf5","name":"Shandana A. Durrani","image":{"@type":"ImageObject","inLanguage":"en-US","@id":"https:\/\/www.omio.es\/window-seat\/#\/schema\/person\/image\/","url":"https:\/\/secure.gravatar.com\/avatar\/476113e9842659b58c1663ada1d6b2f26e3e82e6dc8cc78268a787224b92d765?s=96&d=mm&r=g","contentUrl":"https:\/\/secure.gravatar.com\/avatar\/476113e9842659b58c1663ada1d6b2f26e3e82e6dc8cc78268a787224b92d765?s=96&d=mm&r=g","caption":"Shandana A. Durrani"}}]}},"_links":{"self":[{"href":"https:\/\/www.omio.es\/window-seat\/wp-json\/wp\/v2\/posts\/28853","targetHints":{"allow":["GET"]}}],"collection":[{"href":"https:\/\/www.omio.es\/window-seat\/wp-json\/wp\/v2\/posts"}],"about":[{"href":"https:\/\/www.omio.es\/window-seat\/wp-json\/wp\/v2\/types\/post"}],"author":[{"embeddable":true,"href":"https:\/\/www.omio.es\/window-seat\/wp-json\/wp\/v2\/users\/6"}],"replies":[{"embeddable":true,"href":"https:\/\/www.omio.es\/window-seat\/wp-json\/wp\/v2\/comments?post=28853"}],"version-history":[{"count":3,"href":"https:\/\/www.omio.es\/window-seat\/wp-json\/wp\/v2\/posts\/28853\/revisions"}],"predecessor-version":[{"id":36827,"href":"https:\/\/www.omio.es\/window-seat\/wp-json\/wp\/v2\/posts\/28853\/revisions\/36827"}],"wp:featuredmedia":[{"embeddable":true,"href":"https:\/\/www.omio.es\/window-seat\/wp-json\/wp\/v2\/media\/14155"}],"wp:attachment":[{"href":"https:\/\/www.omio.es\/window-seat\/wp-json\/wp\/v2\/media?parent=28853"}],"wp:term":[{"taxonomy":"category","embeddable":true,"href":"https:\/\/www.omio.es\/window-seat\/wp-json\/wp\/v2\/categories?post=28853"},{"taxonomy":"post_tag","embeddable":true,"href":"https:\/\/www.omio.es\/window-seat\/wp-json\/wp\/v2\/tags?post=28853"},{"taxonomy":"position_id","embeddable":true,"href":"https:\/\/www.omio.es\/window-seat\/wp-json\/wp\/v2\/position_ids?post=28853"}],"curies":[{"name":"wp","href":"https:\/\/api.w.org\/{rel}","templated":true}]}}