{"id":28930,"date":"2022-04-08T00:00:00","date_gmt":"2022-04-08T00:00:00","guid":{"rendered":"http:\/\/www.omio.es\/window-seat\/sin-categorizar\/los-cinco-sitios-mas-bucolicos-de-europa"},"modified":"2022-08-04T09:31:05","modified_gmt":"2022-08-04T09:31:05","slug":"los-cinco-sitios-mas-bucolicos-de-europa","status":"publish","type":"post","link":"https:\/\/www.omio.es\/window-seat\/es\/cultura-lifestyle\/los-cinco-sitios-mas-bucolicos-de-europa\/","title":{"rendered":"Los cinco sitios m\u00e1s buc\u00f3licos de Europa"},"content":{"rendered":"\n<p>El campo siempre ha representado la vida, lo natural, y la cosecha. Y m\u00e1s all\u00e1 de impresionantes paisajes, cada destino rural tiene algo \u00fanico que ofrecer, adem\u00e1s de un lugar para abrazar la serenidad.<\/p>\n\n\n\n<p>Desde los pueblos colgantes de la Riviera Francesa hasta el coraz\u00f3n verde de Italia, prep\u00e1rate para un viaje a cinco pa\u00edses diferentes donde la naturaleza te espera.<\/p>\n\n\n\n<p><strong><strong>Los pueblos colgantes de la Costa Azul (Francia)<\/strong><\/strong><\/p>\n\n\n\n<p>Olv\u00eddate de Cannes o Niza y dir\u00edgete a <a href=\"https:\/\/www.omio.com\/travel\/eze-s6oxn\" target=\"_blank\" rel=\"noreferrer noopener\">\u00c8ze<\/a>, un buc\u00f3lico pueblo encaramado a unos acantilados a 400 metros sobre el mar, y conectado por verdes senderos. Pasea por sus sinuosas calles empedradas en las que los arcos y las casas de piedra se adornan con coloridas cer\u00e1micas, enredaderas y hiedras, y en las que abundan numerosas galer\u00edas de arte y talleres. No te pierdas el Jard\u00edn Ex\u00f3tico de \u00c8ze, situado en las ruinas de una antigua fortaleza y repleto de cactus, agaves, aloe y otras plantas tropicales.<\/p>\n\n\n<div id=\"search-widget-overlay\" class=\"search-widget-overlay\">\r\n  <div class=\"search-widget-overlay__form\" data-search-widget-container>\r\n    <div class=\"search-widget-overlay__details\">\r\n      <button class=\"search-widget-overlay__close\" data-search-widget-close>\r\n        \u2715\r\n      <\/button>\r\n      <div class=\"search-widget-overlay__text\">\r\n        \u00c8ze      <\/div>\r\n    <\/div>\r\n\r\n  <\/div>\r\n<\/div>\r\n\r\n<div class=\"search-widget-cta\">\r\n  <button class=\"search-widget-cta__button\" data-search-widget-cta>\r\n    Billetes a \u00c8ze  <\/button>\r\n<\/div>\n\n\n<figure class=\"wp-block-gallery has-nested-images columns-default is-cropped wp-block-gallery-1 is-layout-flex wp-block-gallery-is-layout-flex\">\n<figure class=\"wp-block-image size-large\"><img decoding=\"async\" data-id=\"36345\" src=\"https:\/\/www.omio.es\/window-seat\/wp-content\/uploads\/2022\/04\/shutterstock_1814916803-1-scaled.jpg\" alt=\"\" class=\"wp-image-36345\"\/><figcaption>A lo largo de la Place du Planet encontrar\u00e1s singulares tiendas-taller de artesan\u00eda junto a la \u00fanica fuente del pueblo. Foto: Shutterstock<\/figcaption><\/figure>\n\n\n\n<figure class=\"wp-block-image size-large\"><img decoding=\"async\" data-id=\"36351\" src=\"https:\/\/www.omio.es\/window-seat\/wp-content\/uploads\/2022\/04\/shutterstock_1210573549-1-scaled.jpg\" alt=\"\" class=\"wp-image-36351\"\/><figcaption>Todo el entorno de \u00c9ze resulta id\u00edlico, pero sus floreadas calles medievales son el punto culminante en este recorrido de ensue\u00f1o. Foto: Shutterstock<\/figcaption><\/figure>\n<\/figure>\n\n\n\n<p>Cerca de la frontera con Italia, a 800 metros sobre el nivel del mar, se encuentra <a href=\"https:\/\/www.omio.com\/trains\/nice\/tende\" target=\"_blank\" rel=\"noreferrer noopener\">Tende<\/a>, un curioso municipio en el Valle de Roya. Tras visitar los lugares medievales m\u00e1s destacados, como la iglesia barroca de Notre-Dame de l&#8217;Assomption, asciende hasta el Vall\u00e9e des Merveilles. Este es un antiguo valle glacial y yacimiento arqueol\u00f3gico en el Monte B\u00e9go, salpicado de lagos y grabados prehist\u00f3ricos que se remontan a la Edad de Bronce. Si ya toca bajar un poco el ritmo, descansa en alguno de los refugios del camino.<\/p>\n\n\n\n<figure class=\"wp-block-gallery has-nested-images columns-default is-cropped wp-block-gallery-2 is-layout-flex wp-block-gallery-is-layout-flex\">\n<figure class=\"wp-block-image size-large\"><img decoding=\"async\" data-id=\"36359\" src=\"https:\/\/www.omio.es\/window-seat\/wp-content\/uploads\/2022\/04\/shutterstock_1116232331-1-scaled.jpg\" alt=\"\" class=\"wp-image-36359\"\/><figcaption>El campanario de Notre-Dame de l&#8217;Assomption, con su singular mezcla de colores vivos y dorados, es visible desde cualquier punto de Tende. Foto: Shutterstock<\/figcaption><\/figure>\n<\/figure>\n\n\n\n<p><strong><strong>Las verdes laderas de las Highlands (Escocia)<\/strong><\/strong><\/p>\n\n\n\n<p><a href=\"https:\/\/www.omio.com\/trains\/fort-william\" target=\"_blank\" rel=\"noreferrer noopener\">Fort William<\/a>, conocida como la &#8220;capital de las actividades al aire libre del Reino Unido&#8221;, est\u00e1 rodeada por el lago Loch Linnhe y el majestuoso Ben Nevis, el pico m\u00e1s alto del Reino Unido.<\/p>\n\n\n<div id=\"search-widget-overlay\" class=\"search-widget-overlay\">\r\n  <div class=\"search-widget-overlay__form\" data-search-widget-container>\r\n    <div class=\"search-widget-overlay__details\">\r\n      <button class=\"search-widget-overlay__close\" data-search-widget-close>\r\n        \u2715\r\n      <\/button>\r\n      <div class=\"search-widget-overlay__text\">\r\n        Fort William      <\/div>\r\n    <\/div>\r\n\r\n  <\/div>\r\n<\/div>\r\n\r\n<div class=\"search-widget-cta\">\r\n  <button class=\"search-widget-cta__button\" data-search-widget-cta>\r\n    Billetes a Fort William  <\/button>\r\n<\/div>\n\n\n<figure class=\"wp-block-gallery has-nested-images columns-default is-cropped wp-block-gallery-3 is-layout-flex wp-block-gallery-is-layout-flex\">\n<figure class=\"wp-block-image size-large\"><img decoding=\"async\" data-id=\"36366\" src=\"https:\/\/www.omio.es\/window-seat\/wp-content\/uploads\/2022\/04\/shutterstock_134943515-1-scaled.jpg\" alt=\"\" class=\"wp-image-36366\"\/><figcaption>Los verdes valles y las colinas de las Highlands se extienden hasta el infinito, ofreciendo una aut\u00e9ntica escapada a la naturaleza. Foto: Shutterstock<\/figcaption><\/figure>\n\n\n\n<figure class=\"wp-block-image size-large\"><img decoding=\"async\" data-id=\"36373\" src=\"https:\/\/www.omio.es\/window-seat\/wp-content\/uploads\/2022\/04\/shutterstock_788602192-2-scaled.jpg\" alt=\"\" class=\"wp-image-36373\"\/><figcaption>El hist\u00f3rico castillo Stalker, que data del siglo XIV, se asienta sobre un islote del Loch Linnhe y es accesible cuando la marea est\u00e1 baja. Foto: Shutterstock<\/figcaption><\/figure>\n<\/figure>\n\n\n\n<p>Aqu\u00ed los amantes de la naturaleza pueden acceder f\u00e1cilmente a un entorno salvaje y contemplar los m\u00edsticos paisajes de las Highlands. Los excursionistas con experiencia pueden planear una caminata de 16 kil\u00f3metros hasta la cima del Ben Nevis, pasando por el valle de Glen Nevis, uno de los lugares donde se rod\u00f3 <em>Braveheart<\/em>. Disfruta de un paseo a la vera del Loch Linnhe o haz una <a href=\"https:\/\/www.getyourguide.fr\/fort-william-l32181\/fort-william-croisiere-sur-le-loch-linnhe-avec-boisson-chaude-t408246\/\" target=\"_blank\" rel=\"noreferrer noopener\">excursi\u00f3n en barco<\/a> para observar las focas de Blackrock y las \u00e1guilas reales.<\/p>\n\n\n\n<figure class=\"wp-block-gallery has-nested-images columns-default is-cropped wp-block-gallery-4 is-layout-flex wp-block-gallery-is-layout-flex\">\n<figure class=\"wp-block-image size-large\"><img decoding=\"async\" data-id=\"36379\" src=\"https:\/\/www.omio.es\/window-seat\/wp-content\/uploads\/2022\/04\/cruiselochlinnhe.co_.uk_elsie-facts_.jpeg\" alt=\"\" class=\"wp-image-36379\"\/><figcaption>En el Loch Linnhe, salta a un barco para navegar entre sus muchas islas, habitadas por fauna y flora salvajes. Foto: <a href=\"http:\/\/cruiselochlinnhe.co.uk\/\">Cruiselochlinnhe.co.uk<\/a><\/figcaption><\/figure>\n\n\n\n<figure class=\"wp-block-image size-large\"><img decoding=\"async\" data-id=\"36386\" src=\"https:\/\/www.omio.es\/window-seat\/wp-content\/uploads\/2022\/04\/shutterstock_1784464334-1-scaled.jpg\" alt=\"\" class=\"wp-image-36386\"\/><figcaption>El viaducto de Glenfinnan es solo uno de los muchos atractivos de las Highlands. Foto: Shutterstock<\/figcaption><\/figure>\n<\/figure>\n\n\n\n<p>Completa tu ruta de pel\u00edcula en Glenfinnan, siguiendo los pasos de Harry Potter. Al norte del pueblo escoc\u00e9s encontrar\u00e1s el viaducto de Glenfinnan, por el que pasa el Jacobite Express, tambi\u00e9n conocido como el Expreso de Hogwarts. Para enganchar la foto perfecta, no te pierdas la locomotora de vapor que pasa por el viaducto alrededor de las 10:15.<\/p>\n\n\n\n<p><strong><strong>Las maravillas hist\u00f3ricas de Umbr\u00eda (Italia)<\/strong><\/strong><\/p>\n\n\n\n<p><a href=\"https:\/\/www.omio.com\/trains\/orvieto\" target=\"_blank\" rel=\"noreferrer noopener\">Orvieto<\/a>, uno de los pueblos italianos m\u00e1s ricos en arte y patrimonio cultural, tiene un pasado marcado por etruscos, godos, bizantinos y lombardos desde el siglo IX a.C. Desde la magn\u00edfica catedral g\u00f3tica de Santa Maria Assunta in Cielo hasta los palacios medievales, son muchas las reliquias arquitect\u00f3nicas que te esperan. Tan antigua como el propio pueblo, la tradici\u00f3n del vino blanco local de Orvieto no es menos impresionante. Desde la antig\u00fcedad, los etruscos almacenaban el vino en bodegas subterr\u00e1neas. Con dulces fragancias de melocot\u00f3n, el vino D.O.P. de Orvieto se elabora con uvas locales Grechetto y Procanico.<\/p>\n\n\n<div id=\"search-widget-overlay\" class=\"search-widget-overlay\">\r\n  <div class=\"search-widget-overlay__form\" data-search-widget-container>\r\n    <div class=\"search-widget-overlay__details\">\r\n      <button class=\"search-widget-overlay__close\" data-search-widget-close>\r\n        \u2715\r\n      <\/button>\r\n      <div class=\"search-widget-overlay__text\">\r\n        Orvieto      <\/div>\r\n    <\/div>\r\n\r\n  <\/div>\r\n<\/div>\r\n\r\n<div class=\"search-widget-cta\">\r\n  <button class=\"search-widget-cta__button\" data-search-widget-cta>\r\n    Billetes a Orvieto  <\/button>\r\n<\/div>\n\n\n<figure class=\"wp-block-gallery has-nested-images columns-default is-cropped wp-block-gallery-5 is-layout-flex wp-block-gallery-is-layout-flex\">\n<figure class=\"wp-block-image size-large\"><img decoding=\"async\" data-id=\"36392\" src=\"https:\/\/www.omio.es\/window-seat\/wp-content\/uploads\/2022\/04\/shutterstock_1116193754-1-scaled.jpg\" alt=\"\" class=\"wp-image-36392\"\/><figcaption>En la Piazza Duomo, la catedral de Santa Maria Assunta in Cielo, de estilo g\u00f3tico-romano, deleita con su fachada adornada con mosaicos, puertas de bronce y rosetones. Foto: Shutterstock<\/figcaption><\/figure>\n<\/figure>\n\n\n\n<p>En <a href=\"https:\/\/www.omio.com\/trains\/spello-ptnzd\" target=\"_blank\" rel=\"noreferrer noopener\">Spello<\/a>, un pueblo fortificado que mezcla a la perfecci\u00f3n las arquitecturas medieval y romana, te espera un viaje de ensue\u00f1o al pasado mientras paseas por sus callejuelas florales, casas de piedra, arcos y ruinas romanas. Spello es conocido por su festival de alfombras florales (la Infiorata), en el que los dibujos y las pinturas hechas con flores recogidas en el monte Subasio y en los Apeninos de Umbr\u00eda-Marche adornan las peque\u00f1as calles en una fiesta llena de color.<\/p>\n\n\n<div id=\"search-widget-overlay\" class=\"search-widget-overlay\">\r\n  <div class=\"search-widget-overlay__form\" data-search-widget-container>\r\n    <div class=\"search-widget-overlay__details\">\r\n      <button class=\"search-widget-overlay__close\" data-search-widget-close>\r\n        \u2715\r\n      <\/button>\r\n      <div class=\"search-widget-overlay__text\">\r\n        Spello      <\/div>\r\n    <\/div>\r\n\r\n  <\/div>\r\n<\/div>\r\n\r\n<div class=\"search-widget-cta\">\r\n  <button class=\"search-widget-cta__button\" data-search-widget-cta>\r\n    Billetes a Spello  <\/button>\r\n<\/div>\n\n\n<figure class=\"wp-block-gallery has-nested-images columns-default is-cropped wp-block-gallery-6 is-layout-flex wp-block-gallery-is-layout-flex\">\n<figure class=\"wp-block-image size-large\"><img decoding=\"async\" data-id=\"36400\" src=\"https:\/\/www.omio.es\/window-seat\/wp-content\/uploads\/2022\/04\/shutterstock_1433034767-1-scaled.jpg\" alt=\"\" class=\"wp-image-36400\"\/><figcaption>La puerta de Venus (una de las seis puertas de Spello), muy bien conservada y rodeada por dos torres rom\u00e1nicas, se encuentra en el lado oeste del pueblo. Foto: Shutterstock<\/figcaption><\/figure>\n<\/figure>\n\n\n\n<figure class=\"wp-block-gallery has-nested-images columns-default is-cropped wp-block-gallery-7 is-layout-flex wp-block-gallery-is-layout-flex\">\n<figure class=\"wp-block-image size-large\"><img decoding=\"async\" data-id=\"36407\" src=\"https:\/\/www.omio.es\/window-seat\/wp-content\/uploads\/2022\/04\/shutterstock_1188658441-1-scaled.jpg\" alt=\"\" class=\"wp-image-36407\"\/><figcaption>En el entresijo de calles medievales de postal, en Spello, te esperan tranquilos paseos. Foto:Shutterstock<\/figcaption><\/figure>\n\n\n\n<figure class=\"wp-block-image size-large\"><img decoding=\"async\" data-id=\"36413\" src=\"https:\/\/www.omio.es\/window-seat\/wp-content\/uploads\/2022\/04\/shutterstock_662371960-1-scaled.jpg\" alt=\"\" class=\"wp-image-36413\"\/><figcaption>Durante el festival de alfombras florales de Spello, el ya id\u00edlico decorado alcanza su c\u00e9nit, llenandose todav\u00eda m\u00e1s de vivos colores y dulces aromas. Foto: Shutterstock<\/figcaption><\/figure>\n<\/figure>\n\n\n\n<p><strong><strong>El romance de cuento de Renania-Palatinado (Alemania)<\/strong><\/strong><\/p>\n\n\n\n<figure class=\"wp-block-gallery has-nested-images columns-default is-cropped wp-block-gallery-8 is-layout-flex wp-block-gallery-is-layout-flex\">\n<figure class=\"wp-block-image size-large\"><img decoding=\"async\" data-id=\"36419\" src=\"https:\/\/www.omio.es\/window-seat\/wp-content\/uploads\/2022\/04\/shutterstock_1750844999-1-scaled.jpg\" alt=\"\" class=\"wp-image-36419\"\/><figcaption>Viendo sus numerosas casas con entramado de madera, el casco antiguo de Bacharach bien podr\u00eda ser el escenario de un cuento de hadas. Foto: Shutterstock<\/figcaption><\/figure>\n<\/figure>\n\n\n\n<p>En Renania-Palatinado, a menudo conocida como la &#8220;Alemania rom\u00e1ntica&#8221;, la peque\u00f1a ciudad de <a href=\"https:\/\/www.omio.com\/trains\/bacharach-npiup\" target=\"_blank\" rel=\"noreferrer noopener\">Bacharach<\/a> se extiende de forma org\u00e1nica a lo largo del r\u00edo Rin, con un paisaje formado por vi\u00f1edos, valles fluviales y castillos. El casco antiguo ofrece un entorno de cuento de hadas con encantadoras casas de madera entramada, y muchos de los edificios medievales cuentan con restaurantes y hoteles con terraza. Dir\u00edgete a Altk\u00f6lnischer Hof, en la plaza del mercado principal, para degustar contundentes platos locales como las especialidades de caza de la zona. Para disfrutar de las mejores vistas del pueblo, toma la ruta de senderismo Stahlberg-Schleife, que comienza en las ruinas de la Wernerkapelle y te lleva a las alturas de los vi\u00f1edos en pendiente y a otros lugares hist\u00f3ricos como el castillo de Stahleck, ahora reutilizado como albergue juvenil.<\/p>\n\n\n<div id=\"search-widget-overlay\" class=\"search-widget-overlay\">\r\n  <div class=\"search-widget-overlay__form\" data-search-widget-container>\r\n    <div class=\"search-widget-overlay__details\">\r\n      <button class=\"search-widget-overlay__close\" data-search-widget-close>\r\n        \u2715\r\n      <\/button>\r\n      <div class=\"search-widget-overlay__text\">\r\n        Bacharach      <\/div>\r\n    <\/div>\r\n\r\n  <\/div>\r\n<\/div>\r\n\r\n<div class=\"search-widget-cta\">\r\n  <button class=\"search-widget-cta__button\" data-search-widget-cta>\r\n    Billetes a Bacharach  <\/button>\r\n<\/div>\n\n\n<figure class=\"wp-block-gallery has-nested-images columns-default is-cropped wp-block-gallery-9 is-layout-flex wp-block-gallery-is-layout-flex\">\n<figure class=\"wp-block-image size-large\"><img decoding=\"async\" data-id=\"36426\" src=\"https:\/\/www.omio.es\/window-seat\/wp-content\/uploads\/2022\/04\/shutterstock_1810857826-1-scaled.jpg\" alt=\"\" class=\"wp-image-36426\"\/><figcaption>Entre los verdes vi\u00f1edos en pendiente y las casas con entramado de madera, te olvidar\u00e1s totalmente del mundo exterior. Foto: Shutterstock<\/figcaption><\/figure>\n<\/figure>\n\n\n\n<p>Igual de encantadora, pero m\u00e1s colorida, <a href=\"https:\/\/www.omio.com\/travel\/cochem\" target=\"_blank\" rel=\"noreferrer noopener\">Cochem<\/a> se encuentra un poco m\u00e1s al oeste, a orillas del r\u00edo Mosela. Su majestuoso castillo neog\u00f3tico se asienta en lo alto del pueblo, donde, tras la visita, se puede disfrutar de un fest\u00edn medieval servido y oficiado por camareros disfrazados de \u00e9poca. Si prefieres una experiencia menos tumultuosa, todos los s\u00e1bados a las 20:30 te espera un peculiar recorrido por el casco antiguo, guiado por el vigilante nocturno de Cochem, ataviado con una linterna, un cuerno e incluso una alabarda, que te deleitar\u00e1 con historias de anta\u00f1o.<\/p>\n\n\n<div id=\"search-widget-overlay\" class=\"search-widget-overlay\">\r\n  <div class=\"search-widget-overlay__form\" data-search-widget-container>\r\n    <div class=\"search-widget-overlay__details\">\r\n      <button class=\"search-widget-overlay__close\" data-search-widget-close>\r\n        \u2715\r\n      <\/button>\r\n      <div class=\"search-widget-overlay__text\">\r\n        Cochem      <\/div>\r\n    <\/div>\r\n\r\n  <\/div>\r\n<\/div>\r\n\r\n<div class=\"search-widget-cta\">\r\n  <button class=\"search-widget-cta__button\" data-search-widget-cta>\r\n    Billetes a Cochem  <\/button>\r\n<\/div>\n\n\n<figure class=\"wp-block-gallery has-nested-images columns-default is-cropped wp-block-gallery-10 is-layout-flex wp-block-gallery-is-layout-flex\">\n<figure class=\"wp-block-image size-large\"><img decoding=\"async\" data-id=\"36433\" src=\"https:\/\/www.omio.es\/window-seat\/wp-content\/uploads\/2022\/04\/shutterstock_538288828-1-scaled.jpg\" alt=\"\" class=\"wp-image-36433\"\/><figcaption>Cochem es un para\u00edso en la tierra. S\u00f3lo hay que ver sus coloridas casas alineadas a lo largo del r\u00edo Mosela y su hist\u00f3rico castillo coronando la verde colina para darse cuenta. Foto: Shutterstock<\/figcaption><\/figure>\n<\/figure>\n\n\n\n<p><strong><strong>Los picos y valles de los Prealpes (Suiza)<\/strong><\/strong><\/p>\n\n\n\n<figure class=\"wp-block-gallery has-nested-images columns-default is-cropped wp-block-gallery-11 is-layout-flex wp-block-gallery-is-layout-flex\">\n<figure class=\"wp-block-image size-large\"><img decoding=\"async\" data-id=\"36440\" src=\"https:\/\/www.omio.es\/window-seat\/wp-content\/uploads\/2022\/04\/shutterstock_1704651106-1.jpg\" alt=\"\" class=\"wp-image-36440\"\/><figcaption>Pi\u00e9rdete en la exuberante campi\u00f1a pastoral suiza visitando Gruy\u00e8res, un hist\u00f3rico pueblo medieval que es totalmente peatonal. Foto: Shutterstock<\/figcaption><\/figure>\n<\/figure>\n\n\n\n<p>Al pie de los Prealpes, <a href=\"https:\/\/www.omio.com\/trains\/gruyeres-hlq2h\" target=\"_blank\" rel=\"noreferrer noopener\">Gruy\u00e8res<\/a> es un pueblo medieval totalmente peatonal, con un ambiente r\u00fastico y tradicional a lo largo de sus calles adoquinadas y bordeadas por casas de los siglos XV y XVII. Despu\u00e9s de visitar el castillo de Gruy\u00e8res, donde te guiar\u00e1n unos trovadores vestidos con trajes medievales, disfruta de una deliciosa pausa en la cuna del queso de Gruy\u00e8re, en Gruy\u00e8re Traditions. Aqu\u00ed se pueden degustar especialidades locales como la<em> fondue<\/em>, el <em>r\u00f6sti<\/em> (tortitas de patata) o la <em>cro\u00fbte au fromage<\/em> (pan al vino gratinado y acompa\u00f1ado de jam\u00f3n).<\/p>\n\n\n<div id=\"search-widget-overlay\" class=\"search-widget-overlay\">\r\n  <div class=\"search-widget-overlay__form\" data-search-widget-container>\r\n    <div class=\"search-widget-overlay__details\">\r\n      <button class=\"search-widget-overlay__close\" data-search-widget-close>\r\n        \u2715\r\n      <\/button>\r\n      <div class=\"search-widget-overlay__text\">\r\n        Gruy\u00e8res      <\/div>\r\n    <\/div>\r\n\r\n  <\/div>\r\n<\/div>\r\n\r\n<div class=\"search-widget-cta\">\r\n  <button class=\"search-widget-cta__button\" data-search-widget-cta>\r\n    Billetes a Gruy\u00e8res  <\/button>\r\n<\/div>\n\n\n<figure class=\"wp-block-gallery has-nested-images columns-default is-cropped wp-block-gallery-12 is-layout-flex wp-block-gallery-is-layout-flex\">\n<figure class=\"wp-block-image size-large\"><img decoding=\"async\" data-id=\"36447\" src=\"https:\/\/www.omio.es\/window-seat\/wp-content\/uploads\/2022\/04\/shutterstock_1798137319-1.jpg\" alt=\"\" class=\"wp-image-36447\"\/><figcaption>Las antiguas pero bien conservadas fortificaciones y puertas de la ciudad medieval, te pueden transportar por un viaje en el tiempo. Foto: Shutterstock<\/figcaption><\/figure>\n\n\n\n<figure class=\"wp-block-image size-large\"><img decoding=\"async\" data-id=\"36453\" src=\"https:\/\/www.omio.es\/window-seat\/wp-content\/uploads\/2022\/04\/shutterstock_1647217222-1-scaled.jpg\" alt=\"\" class=\"wp-image-36453\"\/><figcaption>Adictos al queso: en la cuna del queso Gruy\u00e8re os espera un festival de l\u00e1cteos con todo tipo de <em>fondues<\/em> y <em>raclettes <\/em>suizas<em>.<\/em> Foto: Shutterstock<\/figcaption><\/figure>\n<\/figure>\n\n\n\n<p>En la parte italiana de Suiza, el antiguo municipio pesquero de Morcote sorprende por su espectacular topograf\u00eda. Mientras que su parte baja est\u00e1 repleta de residencias se\u00f1oriales y casas porticadas a lo largo del lago de Lugano, la parte alta domina el pueblo, con la iglesia de Santa Mar\u00eda del Sasso en la cima. <\/p>\n\n\n<div id=\"search-widget-overlay\" class=\"search-widget-overlay\">\r\n  <div class=\"search-widget-overlay__form\" data-search-widget-container>\r\n    <div class=\"search-widget-overlay__details\">\r\n      <button class=\"search-widget-overlay__close\" data-search-widget-close>\r\n        \u2715\r\n      <\/button>\r\n      <div class=\"search-widget-overlay__text\">\r\n        Suiza      <\/div>\r\n    <\/div>\r\n\r\n  <\/div>\r\n<\/div>\r\n\r\n<div class=\"search-widget-cta\">\r\n  <button class=\"search-widget-cta__button\" data-search-widget-cta>\r\n    Billetes Suiza  <\/button>\r\n<\/div>\n\n\n<figure class=\"wp-block-gallery has-nested-images columns-default is-cropped wp-block-gallery-13 is-layout-flex wp-block-gallery-is-layout-flex\">\n<figure class=\"wp-block-image size-large\"><img decoding=\"async\" data-id=\"36461\" src=\"https:\/\/www.omio.es\/window-seat\/wp-content\/uploads\/2022\/04\/shutterstock_2066454074-1-scaled.jpg\" alt=\"\" class=\"wp-image-36461\"\/><figcaption>A orillas del lago de Lugano, las curiosas callejuelas con sus portales arqueados albergan tiendas, restaurantes y caf\u00e9s. Foto: Shutterstock<\/figcaption><\/figure>\n\n\n\n<figure class=\"wp-block-image size-large\"><img decoding=\"async\" data-id=\"36468\" src=\"https:\/\/www.omio.es\/window-seat\/wp-content\/uploads\/2022\/04\/shutterstock_1426378949-1-scaled.jpg\" alt=\"\" class=\"wp-image-36468\"\/><figcaption>El Parque Scherrer de Morcote presume de las mejores vistas de la naturaleza de los alrededores. Foto: Shutterstock<\/figcaption><\/figure>\n<\/figure>\n\n\n\n<p>Sube los 400 escalones de esta joya del Renacimiento y disfruta de una impresionante vista panor\u00e1mica del lago. No te pierdas el Scherrer, un peque\u00f1o para\u00edso adornado con palmeras, eucaliptos, camelias y muchas otras plantas.<\/p>\n","protected":false},"excerpt":{"rendered":"<p>El campo siempre ha representado la vida, lo natural, y la cosecha. Y m\u00e1s all\u00e1 de impresionantes paisajes, cada destino rural tiene algo \u00fanico que ofrecer, adem\u00e1s de un lugar para abrazar la serenidad. Desde los pueblos colgantes de la Riviera Francesa hasta el coraz\u00f3n verde de Italia, prep\u00e1rate para un viaje a cinco pa\u00edses&hellip; <a class=\"more-link\" href=\"https:\/\/www.omio.es\/window-seat\/es\/cultura-lifestyle\/los-cinco-sitios-mas-bucolicos-de-europa\/\">Continue reading <span class=\"screen-reader-text\">Los cinco sitios m\u00e1s buc\u00f3licos de Europa<\/span><\/a><\/p>\n","protected":false},"author":10,"featured_media":18784,"comment_status":"open","ping_status":"open","sticky":false,"template":"","format":"standard","meta":{"_acf_changed":false,"inline_featured_image":false,"footnotes":""},"categories":[1993,1989],"tags":[],"position_ids":[],"class_list":["post-28930","post","type-post","status-publish","format-standard","has-post-thumbnail","hentry","category-bienestar","category-cultura-lifestyle","entry"],"acf":[],"yoast_head":"<!-- This site is optimized with the Yoast SEO plugin v24.9 - https:\/\/yoast.com\/wordpress\/plugins\/seo\/ -->\n<title>Vacaciones rurales: 5 destinos id\u00edlicos en Europa | Omio<\/title>\n<meta name=\"description\" content=\"De las Highlands a la Costa Azul y de Umbr\u00eda a Gruy\u00e8re: descubre los destinos m\u00e1s bellos para unas vavaciones rurales.\" \/>\n<meta name=\"robots\" content=\"index, follow, max-snippet:-1, max-image-preview:large, max-video-preview:-1\" \/>\n<link rel=\"canonical\" href=\"https:\/\/www.omio.es\/window-seat\/cultura-lifestyle\/los-cinco-sitios-mas-bucolicos-de-europa\/\" \/>\n<meta property=\"og:locale\" content=\"en_US\" \/>\n<meta property=\"og:type\" content=\"article\" \/>\n<meta property=\"og:title\" content=\"Vacaciones rurales: 5 destinos id\u00edlicos en Europa | Omio\" \/>\n<meta property=\"og:description\" content=\"De las Highlands a la Costa Azul y de Umbr\u00eda a Gruy\u00e8re: descubre los destinos m\u00e1s bellos para unas vavaciones rurales.\" \/>\n<meta property=\"og:url\" content=\"https:\/\/www.omio.es\/window-seat\/es\/cultura-lifestyle\/los-cinco-sitios-mas-bucolicos-de-europa\/\" \/>\n<meta property=\"og:site_name\" content=\"The Window Seat\" \/>\n<meta property=\"article:published_time\" content=\"2022-04-08T00:00:00+00:00\" \/>\n<meta property=\"article:modified_time\" content=\"2022-08-04T09:31:05+00:00\" \/>\n<meta property=\"og:image\" content=\"https:\/\/www.omio.es\/window-seat\/wp-content\/uploads\/2022\/04\/shutterstock_1815299456-1024x683.jpg\" \/>\n\t<meta property=\"og:image:width\" content=\"1024\" \/>\n\t<meta property=\"og:image:height\" content=\"683\" \/>\n\t<meta property=\"og:image:type\" content=\"image\/jpeg\" \/>\n<meta name=\"author\" content=\"Melek Carkaci\" \/>\n<meta name=\"twitter:card\" content=\"summary_large_image\" \/>\n<meta name=\"twitter:label1\" content=\"Written by\" \/>\n\t<meta name=\"twitter:data1\" content=\"Melek Carkaci\" \/>\n\t<meta name=\"twitter:label2\" content=\"Est. reading time\" \/>\n\t<meta name=\"twitter:data2\" content=\"8 minutes\" \/>\n<script type=\"application\/ld+json\" class=\"yoast-schema-graph\">{\"@context\":\"https:\/\/schema.org\",\"@graph\":[{\"@type\":\"WebPage\",\"@id\":\"https:\/\/www.omio.es\/window-seat\/es\/cultura-lifestyle\/los-cinco-sitios-mas-bucolicos-de-europa\/\",\"url\":\"https:\/\/www.omio.es\/window-seat\/es\/cultura-lifestyle\/los-cinco-sitios-mas-bucolicos-de-europa\/\",\"name\":\"Vacaciones rurales: 5 destinos id\u00edlicos en Europa | Omio\",\"isPartOf\":{\"@id\":\"https:\/\/www.omio.es\/window-seat\/#website\"},\"primaryImageOfPage\":{\"@id\":\"https:\/\/www.omio.es\/window-seat\/es\/cultura-lifestyle\/los-cinco-sitios-mas-bucolicos-de-europa\/#primaryimage\"},\"image\":{\"@id\":\"https:\/\/www.omio.es\/window-seat\/es\/cultura-lifestyle\/los-cinco-sitios-mas-bucolicos-de-europa\/#primaryimage\"},\"thumbnailUrl\":\"https:\/\/www.omio.es\/window-seat\/wp-content\/uploads\/2022\/04\/shutterstock_1815299456.jpg\",\"datePublished\":\"2022-04-08T00:00:00+00:00\",\"dateModified\":\"2022-08-04T09:31:05+00:00\",\"author\":{\"@id\":\"https:\/\/www.omio.es\/window-seat\/#\/schema\/person\/aa26f7149b7e0fcab9c1c8c5713fd830\"},\"description\":\"De las Highlands a la Costa Azul y de Umbr\u00eda a Gruy\u00e8re: descubre los destinos m\u00e1s bellos para unas vavaciones rurales.\",\"breadcrumb\":{\"@id\":\"https:\/\/www.omio.es\/window-seat\/es\/cultura-lifestyle\/los-cinco-sitios-mas-bucolicos-de-europa\/#breadcrumb\"},\"inLanguage\":\"en-US\",\"potentialAction\":[{\"@type\":\"ReadAction\",\"target\":[\"https:\/\/www.omio.es\/window-seat\/es\/cultura-lifestyle\/los-cinco-sitios-mas-bucolicos-de-europa\/\"]}]},{\"@type\":\"ImageObject\",\"inLanguage\":\"en-US\",\"@id\":\"https:\/\/www.omio.es\/window-seat\/es\/cultura-lifestyle\/los-cinco-sitios-mas-bucolicos-de-europa\/#primaryimage\",\"url\":\"https:\/\/www.omio.es\/window-seat\/wp-content\/uploads\/2022\/04\/shutterstock_1815299456.jpg\",\"contentUrl\":\"https:\/\/www.omio.es\/window-seat\/wp-content\/uploads\/2022\/04\/shutterstock_1815299456.jpg\",\"width\":2000,\"height\":1333,\"caption\":\"The perched villages of the French Riviera offer the best bird\u2019s eye view over the Mediterranean. Credit: Shutterstock\"},{\"@type\":\"BreadcrumbList\",\"@id\":\"https:\/\/www.omio.es\/window-seat\/es\/cultura-lifestyle\/los-cinco-sitios-mas-bucolicos-de-europa\/#breadcrumb\",\"itemListElement\":[{\"@type\":\"ListItem\",\"position\":1,\"name\":\"The Window Seat\",\"item\":\"https:\/\/www.omio.es\/window-seat\/\"},{\"@type\":\"ListItem\",\"position\":2,\"name\":\"Culture &amp; Lifestyle\",\"item\":\"https:\/\/www.omio.es\/window-seat\/culture-lifestyle\/\"},{\"@type\":\"ListItem\",\"position\":3,\"name\":\"Wellness\",\"item\":\"https:\/\/www.omio.es\/window-seat\/culture-lifestyle\/wellness\/\"},{\"@type\":\"ListItem\",\"position\":4,\"name\":\"Los cinco sitios m\u00e1s buc\u00f3licos de Europa\"}]},{\"@type\":\"WebSite\",\"@id\":\"https:\/\/www.omio.es\/window-seat\/#website\",\"url\":\"https:\/\/www.omio.es\/window-seat\/\",\"name\":\"The Window Seat\",\"description\":\"\",\"potentialAction\":[{\"@type\":\"SearchAction\",\"target\":{\"@type\":\"EntryPoint\",\"urlTemplate\":\"https:\/\/www.omio.es\/window-seat\/?s={search_term_string}\"},\"query-input\":{\"@type\":\"PropertyValueSpecification\",\"valueRequired\":true,\"valueName\":\"search_term_string\"}}],\"inLanguage\":\"en-US\"},{\"@type\":\"Person\",\"@id\":\"https:\/\/www.omio.es\/window-seat\/#\/schema\/person\/aa26f7149b7e0fcab9c1c8c5713fd830\",\"name\":\"Melek Carkaci\",\"image\":{\"@type\":\"ImageObject\",\"inLanguage\":\"en-US\",\"@id\":\"https:\/\/www.omio.es\/window-seat\/#\/schema\/person\/image\/\",\"url\":\"https:\/\/secure.gravatar.com\/avatar\/36a542faaab71cd0c5e28f4ef1b4a47a73c2555729dc68125edeea3f89dbe027?s=96&d=mm&r=g\",\"contentUrl\":\"https:\/\/secure.gravatar.com\/avatar\/36a542faaab71cd0c5e28f4ef1b4a47a73c2555729dc68125edeea3f89dbe027?s=96&d=mm&r=g\",\"caption\":\"Melek Carkaci\"}}]}<\/script>\n<!-- \/ Yoast SEO plugin. -->","yoast_head_json":{"title":"Vacaciones rurales: 5 destinos id\u00edlicos en Europa | Omio","description":"De las Highlands a la Costa Azul y de Umbr\u00eda a Gruy\u00e8re: descubre los destinos m\u00e1s bellos para unas vavaciones rurales.","robots":{"index":"index","follow":"follow","max-snippet":"max-snippet:-1","max-image-preview":"max-image-preview:large","max-video-preview":"max-video-preview:-1"},"canonical":"https:\/\/www.omio.es\/window-seat\/cultura-lifestyle\/los-cinco-sitios-mas-bucolicos-de-europa\/","og_locale":"en_US","og_type":"article","og_title":"Vacaciones rurales: 5 destinos id\u00edlicos en Europa | Omio","og_description":"De las Highlands a la Costa Azul y de Umbr\u00eda a Gruy\u00e8re: descubre los destinos m\u00e1s bellos para unas vavaciones rurales.","og_url":"https:\/\/www.omio.es\/window-seat\/es\/cultura-lifestyle\/los-cinco-sitios-mas-bucolicos-de-europa\/","og_site_name":"The Window Seat","article_published_time":"2022-04-08T00:00:00+00:00","article_modified_time":"2022-08-04T09:31:05+00:00","og_image":[{"width":1024,"height":683,"url":"https:\/\/www.omio.es\/window-seat\/wp-content\/uploads\/2022\/04\/shutterstock_1815299456-1024x683.jpg","type":"image\/jpeg"}],"author":"Melek Carkaci","twitter_card":"summary_large_image","twitter_misc":{"Written by":"Melek Carkaci","Est. reading time":"8 minutes"},"schema":{"@context":"https:\/\/schema.org","@graph":[{"@type":"WebPage","@id":"https:\/\/www.omio.es\/window-seat\/es\/cultura-lifestyle\/los-cinco-sitios-mas-bucolicos-de-europa\/","url":"https:\/\/www.omio.es\/window-seat\/es\/cultura-lifestyle\/los-cinco-sitios-mas-bucolicos-de-europa\/","name":"Vacaciones rurales: 5 destinos id\u00edlicos en Europa | Omio","isPartOf":{"@id":"https:\/\/www.omio.es\/window-seat\/#website"},"primaryImageOfPage":{"@id":"https:\/\/www.omio.es\/window-seat\/es\/cultura-lifestyle\/los-cinco-sitios-mas-bucolicos-de-europa\/#primaryimage"},"image":{"@id":"https:\/\/www.omio.es\/window-seat\/es\/cultura-lifestyle\/los-cinco-sitios-mas-bucolicos-de-europa\/#primaryimage"},"thumbnailUrl":"https:\/\/www.omio.es\/window-seat\/wp-content\/uploads\/2022\/04\/shutterstock_1815299456.jpg","datePublished":"2022-04-08T00:00:00+00:00","dateModified":"2022-08-04T09:31:05+00:00","author":{"@id":"https:\/\/www.omio.es\/window-seat\/#\/schema\/person\/aa26f7149b7e0fcab9c1c8c5713fd830"},"description":"De las Highlands a la Costa Azul y de Umbr\u00eda a Gruy\u00e8re: descubre los destinos m\u00e1s bellos para unas vavaciones rurales.","breadcrumb":{"@id":"https:\/\/www.omio.es\/window-seat\/es\/cultura-lifestyle\/los-cinco-sitios-mas-bucolicos-de-europa\/#breadcrumb"},"inLanguage":"en-US","potentialAction":[{"@type":"ReadAction","target":["https:\/\/www.omio.es\/window-seat\/es\/cultura-lifestyle\/los-cinco-sitios-mas-bucolicos-de-europa\/"]}]},{"@type":"ImageObject","inLanguage":"en-US","@id":"https:\/\/www.omio.es\/window-seat\/es\/cultura-lifestyle\/los-cinco-sitios-mas-bucolicos-de-europa\/#primaryimage","url":"https:\/\/www.omio.es\/window-seat\/wp-content\/uploads\/2022\/04\/shutterstock_1815299456.jpg","contentUrl":"https:\/\/www.omio.es\/window-seat\/wp-content\/uploads\/2022\/04\/shutterstock_1815299456.jpg","width":2000,"height":1333,"caption":"The perched villages of the French Riviera offer the best bird\u2019s eye view over the Mediterranean. Credit: Shutterstock"},{"@type":"BreadcrumbList","@id":"https:\/\/www.omio.es\/window-seat\/es\/cultura-lifestyle\/los-cinco-sitios-mas-bucolicos-de-europa\/#breadcrumb","itemListElement":[{"@type":"ListItem","position":1,"name":"The Window Seat","item":"https:\/\/www.omio.es\/window-seat\/"},{"@type":"ListItem","position":2,"name":"Culture &amp; Lifestyle","item":"https:\/\/www.omio.es\/window-seat\/culture-lifestyle\/"},{"@type":"ListItem","position":3,"name":"Wellness","item":"https:\/\/www.omio.es\/window-seat\/culture-lifestyle\/wellness\/"},{"@type":"ListItem","position":4,"name":"Los cinco sitios m\u00e1s buc\u00f3licos de Europa"}]},{"@type":"WebSite","@id":"https:\/\/www.omio.es\/window-seat\/#website","url":"https:\/\/www.omio.es\/window-seat\/","name":"The Window Seat","description":"","potentialAction":[{"@type":"SearchAction","target":{"@type":"EntryPoint","urlTemplate":"https:\/\/www.omio.es\/window-seat\/?s={search_term_string}"},"query-input":{"@type":"PropertyValueSpecification","valueRequired":true,"valueName":"search_term_string"}}],"inLanguage":"en-US"},{"@type":"Person","@id":"https:\/\/www.omio.es\/window-seat\/#\/schema\/person\/aa26f7149b7e0fcab9c1c8c5713fd830","name":"Melek Carkaci","image":{"@type":"ImageObject","inLanguage":"en-US","@id":"https:\/\/www.omio.es\/window-seat\/#\/schema\/person\/image\/","url":"https:\/\/secure.gravatar.com\/avatar\/36a542faaab71cd0c5e28f4ef1b4a47a73c2555729dc68125edeea3f89dbe027?s=96&d=mm&r=g","contentUrl":"https:\/\/secure.gravatar.com\/avatar\/36a542faaab71cd0c5e28f4ef1b4a47a73c2555729dc68125edeea3f89dbe027?s=96&d=mm&r=g","caption":"Melek Carkaci"}}]}},"_links":{"self":[{"href":"https:\/\/www.omio.es\/window-seat\/wp-json\/wp\/v2\/posts\/28930","targetHints":{"allow":["GET"]}}],"collection":[{"href":"https:\/\/www.omio.es\/window-seat\/wp-json\/wp\/v2\/posts"}],"about":[{"href":"https:\/\/www.omio.es\/window-seat\/wp-json\/wp\/v2\/types\/post"}],"author":[{"embeddable":true,"href":"https:\/\/www.omio.es\/window-seat\/wp-json\/wp\/v2\/users\/10"}],"replies":[{"embeddable":true,"href":"https:\/\/www.omio.es\/window-seat\/wp-json\/wp\/v2\/comments?post=28930"}],"version-history":[{"count":3,"href":"https:\/\/www.omio.es\/window-seat\/wp-json\/wp\/v2\/posts\/28930\/revisions"}],"predecessor-version":[{"id":36910,"href":"https:\/\/www.omio.es\/window-seat\/wp-json\/wp\/v2\/posts\/28930\/revisions\/36910"}],"wp:featuredmedia":[{"embeddable":true,"href":"https:\/\/www.omio.es\/window-seat\/wp-json\/wp\/v2\/media\/18784"}],"wp:attachment":[{"href":"https:\/\/www.omio.es\/window-seat\/wp-json\/wp\/v2\/media?parent=28930"}],"wp:term":[{"taxonomy":"category","embeddable":true,"href":"https:\/\/www.omio.es\/window-seat\/wp-json\/wp\/v2\/categories?post=28930"},{"taxonomy":"post_tag","embeddable":true,"href":"https:\/\/www.omio.es\/window-seat\/wp-json\/wp\/v2\/tags?post=28930"},{"taxonomy":"position_id","embeddable":true,"href":"https:\/\/www.omio.es\/window-seat\/wp-json\/wp\/v2\/position_ids?post=28930"}],"curies":[{"name":"wp","href":"https:\/\/api.w.org\/{rel}","templated":true}]}}